{"id":260486,"date":"2020-08-19T09:00:00","date_gmt":"2020-08-19T12:00:00","guid":{"rendered":"https:\/\/notinor.com\/jujuy\/?p=260486"},"modified":"2020-08-19T02:58:49","modified_gmt":"2020-08-19T05:58:49","slug":"vuelve-chespirito-florinda-meza-hablo-sobre-el-conflicto-con-televisa","status":"publish","type":"post","link":"https:\/\/notinor.com\/jujuy\/vuelve-chespirito-florinda-meza-hablo-sobre-el-conflicto-con-televisa\/","title":{"rendered":"\u00bfVuelve Chespirito? Florinda Meza habl\u00f3 sobre el conflicto con Televisa"},"content":{"rendered":"\n<p><strong>La actriz se reifiri\u00f3 a la cancelaci\u00f3n\u00a0de los programas c\u00f3micos y opin\u00f3 si pueden regresar al aire.\u00a0<\/strong><\/p>\n\n\n\n<div class=\"wp-block-image\"><figure class=\"aligncenter\"><img decoding=\"async\" src=\"https:\/\/spoiler.bolavip.com\/__export\/1597774283058\/sites\/bolavip\/img\/2020\/08\/18\/florinda_meza_hablx_el_chavo_chespirito_cancelacion_suspension_aire_vuelve_crop1597774282478.jpg_1693159006.jpg\" alt=\"\u00bfVuelve Chespirito? Florinda Meza habl\u00f3 sobre el conflicto con Televisa\"\/><\/figure><\/div>\n\n\n\n<p>Aficionados de\u00a0<strong>Chespirito\u00a0<\/strong>alrededor de toda\u00a0<strong>Latinoam\u00e9rica\u00a0<\/strong>lamentaron la triste noticia de la\u00a0<strong>cancelaci\u00f3n de sus programas\u00a0<\/strong>por orden de\u00a0<strong>Televisa<\/strong>. El conflicto interrumpi\u00f3 d\u00e9cadas de emisi\u00f3n en distintos pa\u00edses y caus\u00f3 la pena de sus estrellas. Una de ellas fue<strong>\u00a0Florinda Meza<\/strong>, quien se expres\u00f3 al respecto y<strong>\u00a0opin\u00f3 si los shows c\u00f3micos tienen posibilidad de volver al aire.\u00a0<\/strong><\/p>\n\n\n\n<p><em>\u201c<strong>No s\u00e9 qu\u00e9 pas\u00f3<\/strong>, de pronto veo en las noticias o me entero por las noticias que resulta que no hubo un acuerdo entre las partes y&nbsp;Televisa. Y pues&nbsp;yo soy parte de las partes pero nadie me dio parte de que ten\u00eda que participar en las partes.<strong>&nbsp;Soy parte de las partes, pero estoy fuera de eso por alguna extra\u00f1a raz\u00f3n<\/strong>\u201d<\/em>, indic\u00f3 con su cl\u00e1sico humor en declaraciones a&nbsp;De Primera Mano sobre la nula participaci\u00f3n que tuvo en la decisi\u00f3n.&nbsp;<\/p>\n\n\n\n<figure class=\"wp-block-image\"><img decoding=\"async\" src=\"https:\/\/spoiler.bolavip.com\/__export\/1597773932943\/sites\/bolavip\/img\/2020\/08\/18\/gettyimages-1142295083.jpg_558811739.jpg\" alt=\"\"\/><figcaption>Florinda Meza tiene 71 a\u00f1os (GETTY)<\/figcaption><\/figure>\n\n\n\n<p>La int\u00e9rprete de Do\u00f1a Florinda\u00a0recalc\u00f3 el dolor que sinti\u00f3 al recibir la noticia y en un momento tan inoportuno:\u00a0<em>\"Estamos sufriendo mucho,\u00a0<strong>lo triste del asunto es que no es el momento<\/strong>, no es el momento para retirar del aire algo que ya no era un programa solamente,\u00a0hab\u00eda vencido las barreras, las fronteras.\u00a0<strong>Ahorita cuando m\u00e1s necesita la gente de todo esto<\/strong>, cuando m\u00e1s lo estaba viendo la gente no sab\u00eda que se terminar\u00eda en julio\"<\/em>.<\/p>\n\n\n\n<figure class=\"wp-block-embed-youtube wp-block-embed is-type-video is-provider-youtube wp-embed-aspect-16-9 wp-has-aspect-ratio\"><div class=\"wp-block-embed__wrapper\">\n<div class=\"jeg_video_container jeg_video_content\"><iframe loading=\"lazy\" title=\"Florinda Meza: cancelaci\u00f3n de programas, derechos, Chespirito y m\u00e1s... | De Primera Mano\" width=\"500\" height=\"281\" src=\"https:\/\/www.youtube.com\/embed\/SqJCFuNwMHU?feature=oembed\" frameborder=\"0\" allow=\"accelerometer; autoplay; encrypted-media; gyroscope; picture-in-picture\" allowfullscreen><\/iframe><\/div>\n<\/div><\/figure>\n\n\n\n<p>Adem\u00e1s, se mostr\u00f3 pesimista con la chance que Televisa reincorpore a Chespirito a la pantalla.<em>\u00a0\u201cHay cosas que ya no tienen vuelta atr\u00e1s,<strong>\u00a0supongo que esto no tiene vuelta atr\u00e1s<\/strong>,\u00a0no lo s\u00e9. Yo s\u00e9 que debe haber un plan o estrategia,<strong>\u00a0tampoco podemos satanizar a\u00a0Televisa\u00a0porque yo por lo menos no s\u00e9 qu\u00e9 estrategia hay detr\u00e1s<\/strong>, a mi nadie me ha informado de nada\u201d<\/em>, coment\u00f3.\u00a0<\/p>\n","protected":false},"excerpt":{"rendered":"<p>La actriz se reifiri\u00f3 a la cancelaci\u00f3n\u00a0de los programas c\u00f3micos y opin\u00f3 si pueden regresar al aire.\u00a0 Aficionados de\u00a0Chespirito\u00a0alrededor de toda\u00a0Latinoam\u00e9rica\u00a0lamentaron la triste noticia de la\u00a0cancelaci\u00f3n de sus programas\u00a0por orden de\u00a0Televisa. El conflicto interrumpi\u00f3 d\u00e9cadas de emisi\u00f3n en distintos pa\u00edses y caus\u00f3 la pena de sus estrellas. Una de ellas fue\u00a0Florinda Meza, quien se expres\u00f3 [&hellip;]<\/p>\n","protected":false},"author":40,"featured_media":260487,"comment_status":"open","ping_status":"open","sticky":false,"template":"","format":"standard","meta":{"_stopmodifiedupdate":false,"_modified_date":"","inline_featured_image":false,"spay_email":"","jetpack_publicize_message":""},"categories":[21],"tags":[],"jetpack_featured_media_url":"https:\/\/notinor.com\/jujuy\/wp-content\/uploads\/2020\/08\/florinda_meza_hablx_el_chavo_chespirito_cancelacion_suspension_aire_vuelve_crop1597774282478.jpg_1693159006.jpg","jetpack_publicize_connections":[],"_links":{"self":[{"href":"https:\/\/notinor.com\/jujuy\/wp-json\/wp\/v2\/posts\/260486"}],"collection":[{"href":"https:\/\/notinor.com\/jujuy\/wp-json\/wp\/v2\/posts"}],"about":[{"href":"https:\/\/notinor.com\/jujuy\/wp-json\/wp\/v2\/types\/post"}],"author":[{"embeddable":true,"href":"https:\/\/notinor.com\/jujuy\/wp-json\/wp\/v2\/users\/40"}],"replies":[{"embeddable":true,"href":"https:\/\/notinor.com\/jujuy\/wp-json\/wp\/v2\/comments?post=260486"}],"version-history":[{"count":1,"href":"https:\/\/notinor.com\/jujuy\/wp-json\/wp\/v2\/posts\/260486\/revisions"}],"predecessor-version":[{"id":260488,"href":"https:\/\/notinor.com\/jujuy\/wp-json\/wp\/v2\/posts\/260486\/revisions\/260488"}],"wp:featuredmedia":[{"embeddable":true,"href":"https:\/\/notinor.com\/jujuy\/wp-json\/wp\/v2\/media\/260487"}],"wp:attachment":[{"href":"https:\/\/notinor.com\/jujuy\/wp-json\/wp\/v2\/media?parent=260486"}],"wp:term":[{"taxonomy":"category","embeddable":true,"href":"https:\/\/notinor.com\/jujuy\/wp-json\/wp\/v2\/categories?post=260486"},{"taxonomy":"post_tag","embeddable":true,"href":"https:\/\/notinor.com\/jujuy\/wp-json\/wp\/v2\/tags?post=260486"}],"curies":[{"name":"wp","href":"https:\/\/api.w.org\/{rel}","templated":true}]}}