{"id":260475,"date":"2020-08-19T08:05:00","date_gmt":"2020-08-19T11:05:00","guid":{"rendered":"https:\/\/notinor.com\/jujuy\/?p=260475"},"modified":"2020-08-18T23:30:02","modified_gmt":"2020-08-19T02:30:02","slug":"el-gobierno-usara-tierras-o-edificios-estatales-en-desuso-para-proyectos-productivos","status":"publish","type":"post","link":"https:\/\/notinor.com\/jujuy\/el-gobierno-usara-tierras-o-edificios-estatales-en-desuso-para-proyectos-productivos\/","title":{"rendered":"El Gobierno usar\u00e1 tierras o edificios estatales en desuso para proyectos productivos"},"content":{"rendered":"\n<p>El plan forma parte de las medidas de reactivaci\u00f3n y lo acord\u00f3 la Jefatura de Gabinete con la Comisi\u00f3n Nacional de Valores. Se buscar\u00e1n terrenos o bienes sin utilizaci\u00f3n para financiar emprendimientos.<\/p>\n\n\n\n<figure class=\"wp-block-image size-large\"><img decoding=\"async\" loading=\"lazy\" width=\"480\" height=\"318\" src=\"https:\/\/notinor.com\/jujuy\/wp-content\/uploads\/2020\/08\/Edificio-en-desuso.jpg\" alt=\"\" class=\"wp-image-260476\"\/><\/figure>\n\n\n\n<p>En vistas a la post pandemia, el Gobierno avanz\u00f3 con la puesta en marcha de un ambicioso plan de desarrollo de proyectos productivos e inmobibliarios destinados a reactivar la econom\u00eda con el aporte de bienes o tierras del Estado Nacional y que tendr\u00e1n el financiamiento de la Comisi\u00f3n Nacional de Valores.<\/p>\n\n\n\n<p>Alberto Fern\u00e1ndez busca reactivar la econom\u00eda con este programa post pand\u00e9mico, en un momento de crisis en el que creen que se necesitar\u00e1 fomentar la producci\u00f3n con ayuda del Estado en coordinaci\u00f3n con el sector privado o las cooperativas de trabajo.<\/p>\n\n\n\n<p>El d\u00eda de ayer se realiz\u00f3 una reuni\u00f3n en la Casa Rosada, en la que el el jefe de Gabinete, Santiago Cafiero, firm\u00f3 un convenio interinstitucional de cooperaci\u00f3n y colaboraci\u00f3n para promover y desarrollar estructuras, veh\u00edculos financieros y productos de inversi\u00f3n del mercado de capitales, con el objetivo de generar proyectos de alto impacto econ\u00f3mico, productivo y social que permitan optimizar la utilizaci\u00f3n de recursos p\u00fablicos.<\/p>\n\n\n\n<p>Llevando esto a la pr\u00e1ctica significa que se pondr\u00e1n a disposici\u00f3n terrenos o edificios del Estado en distintos puntos del pa\u00eds para desarrollar all\u00ed diferentes proyectos de desarrollo econ\u00f3mico con el financiamiento de la Comisi\u00f3n Nacional de Valores y el sector privado incluido. En este caso, la Comisi\u00f3n de Valores crear\u00e1 un instrumento paralelo de financiaci\u00f3n para el desarrollo de estos proyectos productivos que pueden ser llevados adelante por privados o cooperativas.<\/p>\n\n\n\n<p>\u201cEl Gobierno tiene como premisa la producci\u00f3n y el empleo, por lo que estos activos que est\u00e1n en estado ocioso pueden ser aplicados a diferentes tipos de proyectos, integrando acciones privadas con el quehacer p\u00fablico\u201d, afirm\u00f3 Cafiero al finalizar la reuni\u00f3n.<\/p>\n","protected":false},"excerpt":{"rendered":"<p>El plan forma parte de las medidas de reactivaci\u00f3n y lo acord\u00f3 la Jefatura de Gabinete con la Comisi\u00f3n Nacional de Valores. Se buscar\u00e1n terrenos o bienes sin utilizaci\u00f3n para financiar emprendimientos. En vistas a la post pandemia, el Gobierno avanz\u00f3 con la puesta en marcha de un ambicioso plan de desarrollo de proyectos productivos [&hellip;]<\/p>\n","protected":false},"author":1,"featured_media":260476,"comment_status":"open","ping_status":"open","sticky":false,"template":"","format":"standard","meta":{"_stopmodifiedupdate":false,"_modified_date":"","inline_featured_image":false,"spay_email":"","jetpack_publicize_message":""},"categories":[501],"tags":[],"jetpack_featured_media_url":"https:\/\/notinor.com\/jujuy\/wp-content\/uploads\/2020\/08\/Edificio-en-desuso.jpg","jetpack_publicize_connections":[],"_links":{"self":[{"href":"https:\/\/notinor.com\/jujuy\/wp-json\/wp\/v2\/posts\/260475"}],"collection":[{"href":"https:\/\/notinor.com\/jujuy\/wp-json\/wp\/v2\/posts"}],"about":[{"href":"https:\/\/notinor.com\/jujuy\/wp-json\/wp\/v2\/types\/post"}],"author":[{"embeddable":true,"href":"https:\/\/notinor.com\/jujuy\/wp-json\/wp\/v2\/users\/1"}],"replies":[{"embeddable":true,"href":"https:\/\/notinor.com\/jujuy\/wp-json\/wp\/v2\/comments?post=260475"}],"version-history":[{"count":1,"href":"https:\/\/notinor.com\/jujuy\/wp-json\/wp\/v2\/posts\/260475\/revisions"}],"predecessor-version":[{"id":260477,"href":"https:\/\/notinor.com\/jujuy\/wp-json\/wp\/v2\/posts\/260475\/revisions\/260477"}],"wp:featuredmedia":[{"embeddable":true,"href":"https:\/\/notinor.com\/jujuy\/wp-json\/wp\/v2\/media\/260476"}],"wp:attachment":[{"href":"https:\/\/notinor.com\/jujuy\/wp-json\/wp\/v2\/media?parent=260475"}],"wp:term":[{"taxonomy":"category","embeddable":true,"href":"https:\/\/notinor.com\/jujuy\/wp-json\/wp\/v2\/categories?post=260475"},{"taxonomy":"post_tag","embeddable":true,"href":"https:\/\/notinor.com\/jujuy\/wp-json\/wp\/v2\/tags?post=260475"}],"curies":[{"name":"wp","href":"https:\/\/api.w.org\/{rel}","templated":true}]}}