{"id":260468,"date":"2020-08-18T22:59:26","date_gmt":"2020-08-19T01:59:26","guid":{"rendered":"https:\/\/notinor.com\/jujuy\/?p=260468"},"modified":"2020-08-18T22:59:30","modified_gmt":"2020-08-19T01:59:30","slug":"buscan-incluir-a-un-nuevo-grupo-dentro-del-ife","status":"publish","type":"post","link":"https:\/\/notinor.com\/jujuy\/buscan-incluir-a-un-nuevo-grupo-dentro-del-ife\/","title":{"rendered":"Buscan incluir a un nuevo grupo dentro del IFE"},"content":{"rendered":"\n<p>Desde la CTA Aut\u00f3noma enviaron una carta\u00a0a los titulares de la Anses y del Ministerio de Desarrollo Social para incluir un nuevo grupo dentro de los beneficiarios del bono ya que los existentes \"no son suficientes para atravesar la crisis\".<\/p>\n\n\n\n<figure class=\"wp-block-image size-large\"><img decoding=\"async\" loading=\"lazy\" width=\"840\" height=\"473\" src=\"https:\/\/notinor.com\/jujuy\/wp-content\/uploads\/2020\/08\/IFE-2-840x473.jpg\" alt=\"\" class=\"wp-image-260469\" srcset=\"https:\/\/notinor.com\/jujuy\/wp-content\/uploads\/2020\/08\/IFE-2-840x473.jpg 840w, https:\/\/notinor.com\/jujuy\/wp-content\/uploads\/2020\/08\/IFE-2-649x365.jpg 649w, https:\/\/notinor.com\/jujuy\/wp-content\/uploads\/2020\/08\/IFE-2-768x432.jpg 768w, https:\/\/notinor.com\/jujuy\/wp-content\/uploads\/2020\/08\/IFE-2-750x422.jpg 750w, https:\/\/notinor.com\/jujuy\/wp-content\/uploads\/2020\/08\/IFE-2-1140x641.jpg 1140w, https:\/\/notinor.com\/jujuy\/wp-content\/uploads\/2020\/08\/IFE-2.jpg 1280w\" sizes=\"(max-width: 840px) 100vw, 840px\" \/><\/figure>\n\n\n\n<p>En medio del pago del tercer IFE, los calendarios de pagos de la Asignaci\u00f3n Universal por Hijo (AUH), la Asignaci\u00f3n Universal por Embarazo (AUE) y con un cuarto bono de $10.000 al caer;<strong> la CTA Aut\u00f3noma envi\u00f3 cartas al ministro de Desarrollo Social de la Naci\u00f3n, Daniel Arroyo y a la titular del Anses, Fernanda Raverta para que el Ingreso Familiar de Emergencia llegue a las personas con discapacidad<\/strong> ante el grave contexto econ\u00f3mico atravesado por la pandemia.<\/p>\n\n\n\n<p>\u201cDebemos consignar la necesidad de que se establezca taxativamente la compatibilidad con otros beneficios porque los montos de Discapacidad, AUH y otros, no son suficientes para atravesar semejante crisis\u201d, expresa el escrito firmado por el secretario de Discapacidad de la Central, Carlos Ferreres, por Hugo Godoy, secretario general adjunto y Ricardo Peidro, secretario general de la CTA Aut\u00f3noma.<\/p>\n\n\n\n<p>Contin\u00faa agregando: \u201cQueremos resaltar que esta solicitud surge de lo planteado por los Departamentos de Discapacidad de todo el pa\u00eds de nuestra Central y de las organizaciones sociales con las que trabajamos a diario\u201d.<\/p>\n\n\n\n<p>Finalmente, Ferreres concluy\u00f3 la carta expresando: \u201cDestacamos que la Central est\u00e9 ocup\u00e1ndose organizada y colectivamente de estos reclamos urgentes. Esto lo vienen reclamando varias organizaciones desde que se estableci\u00f3 el IFE y la tarjeta alimentaria. La Central toma la problem\u00e1tica de los compa\u00f1eros y las compa\u00f1eras con discapacidad\u201d.<\/p>\n","protected":false},"excerpt":{"rendered":"<p>Desde la CTA Aut\u00f3noma enviaron una carta\u00a0a los titulares de la Anses y del Ministerio de Desarrollo Social para incluir un nuevo grupo dentro de los beneficiarios del bono ya que los existentes \"no son suficientes para atravesar la crisis\". En medio del pago del tercer IFE, los calendarios de pagos de la Asignaci\u00f3n Universal [&hellip;]<\/p>\n","protected":false},"author":1,"featured_media":260469,"comment_status":"open","ping_status":"open","sticky":false,"template":"","format":"standard","meta":{"_stopmodifiedupdate":false,"_modified_date":"","inline_featured_image":false,"spay_email":"","jetpack_publicize_message":""},"categories":[676],"tags":[],"jetpack_featured_media_url":"https:\/\/notinor.com\/jujuy\/wp-content\/uploads\/2020\/08\/IFE-2.jpg","jetpack_publicize_connections":[],"_links":{"self":[{"href":"https:\/\/notinor.com\/jujuy\/wp-json\/wp\/v2\/posts\/260468"}],"collection":[{"href":"https:\/\/notinor.com\/jujuy\/wp-json\/wp\/v2\/posts"}],"about":[{"href":"https:\/\/notinor.com\/jujuy\/wp-json\/wp\/v2\/types\/post"}],"author":[{"embeddable":true,"href":"https:\/\/notinor.com\/jujuy\/wp-json\/wp\/v2\/users\/1"}],"replies":[{"embeddable":true,"href":"https:\/\/notinor.com\/jujuy\/wp-json\/wp\/v2\/comments?post=260468"}],"version-history":[{"count":1,"href":"https:\/\/notinor.com\/jujuy\/wp-json\/wp\/v2\/posts\/260468\/revisions"}],"predecessor-version":[{"id":260470,"href":"https:\/\/notinor.com\/jujuy\/wp-json\/wp\/v2\/posts\/260468\/revisions\/260470"}],"wp:featuredmedia":[{"embeddable":true,"href":"https:\/\/notinor.com\/jujuy\/wp-json\/wp\/v2\/media\/260469"}],"wp:attachment":[{"href":"https:\/\/notinor.com\/jujuy\/wp-json\/wp\/v2\/media?parent=260468"}],"wp:term":[{"taxonomy":"category","embeddable":true,"href":"https:\/\/notinor.com\/jujuy\/wp-json\/wp\/v2\/categories?post=260468"},{"taxonomy":"post_tag","embeddable":true,"href":"https:\/\/notinor.com\/jujuy\/wp-json\/wp\/v2\/tags?post=260468"}],"curies":[{"name":"wp","href":"https:\/\/api.w.org\/{rel}","templated":true}]}}