{"id":260457,"date":"2020-08-18T21:47:50","date_gmt":"2020-08-19T00:47:50","guid":{"rendered":"https:\/\/notinor.com\/jujuy\/?p=260457"},"modified":"2020-08-18T21:47:54","modified_gmt":"2020-08-19T00:47:54","slug":"carlos-haquim-dio-positivo-para-coronavirus","status":"publish","type":"post","link":"https:\/\/notinor.com\/jujuy\/carlos-haquim-dio-positivo-para-coronavirus\/","title":{"rendered":"Carlos Haquim dio positivo para coronavirus"},"content":{"rendered":"\n<p>El vicegobernador de la provincia lo confirm\u00f3 en sus redes sociales.<\/p>\n\n\n\n<figure class=\"wp-block-image size-large\"><img decoding=\"async\" loading=\"lazy\" width=\"770\" height=\"480\" src=\"https:\/\/notinor.com\/jujuy\/wp-content\/uploads\/2020\/08\/haquim-1-770x480.jpg\" alt=\"\" class=\"wp-image-260459\" srcset=\"https:\/\/notinor.com\/jujuy\/wp-content\/uploads\/2020\/08\/haquim-1-770x480.jpg 770w, https:\/\/notinor.com\/jujuy\/wp-content\/uploads\/2020\/08\/haquim-1-585x365.jpg 585w, https:\/\/notinor.com\/jujuy\/wp-content\/uploads\/2020\/08\/haquim-1-768x479.jpg 768w, https:\/\/notinor.com\/jujuy\/wp-content\/uploads\/2020\/08\/haquim-1-750x468.jpg 750w, https:\/\/notinor.com\/jujuy\/wp-content\/uploads\/2020\/08\/haquim-1.jpg 800w\" sizes=\"(max-width: 770px) 100vw, 770px\" \/><\/figure>\n\n\n\n<p>Hace unos minutos el vicegobernador de la provincia de Jujuy, Carlos Haquim, confirm\u00f3 que se contagi\u00f3 de coronavirus. Se encuentra aislado en su domicilio y continuar\u00e1 sus labores de manera virtual.<\/p>\n\n\n\n<p>Asimismo, el vicegobernador afirm\u00f3 que se realiz\u00f3 el test PCR hace 48 horas y que, por el momento, es asintom\u00e1tico. Haquim se suma a Gerardo Morales -gobernador- y a Federico Posadas -ministro de Cultura y Turismo-, como los principales funcionarios contagiados.<\/p>\n\n\n\n<p>\"Me comprometo a informar a los se\u00f1ores legisladores y a los juje\u00f1os sobre mi estado de salud, sabedor del rol institucional que me toca. Un fuerte abrazo a todos\", expres\u00f3 el vicegobernador de Jujuy.<\/p>\n\n\n\n<figure class=\"wp-block-embed-facebook wp-block-embed is-type-rich is-provider-facebook\"><div class=\"wp-block-embed__wrapper\">\n<div id=\"fb-root\"><\/div><script async=\"1\" defer=\"1\" crossorigin=\"anonymous\" src=\"https:\/\/connect.facebook.net\/en_US\/sdk.js#xfbml=1&amp;version=v8.0\" nonce=\"xwkSnGNn\"><\/script><div class=\"fb-post\" data-href=\"https:\/\/www.facebook.com\/CarlosHaquimOK\/posts\/3735895609773763\" data-width=\"500\"><blockquote cite=\"https:\/\/www.facebook.com\/CarlosHaquimOK\/posts\/3735895609773763\" class=\"fb-xfbml-parse-ignore\"><p>Amigos juje\u00f1os: Hace 48 horas me realice el test PCR por contacto estrecho y arroj\u00f3 resultado positivo. Por indicaci\u00f3n...<\/p>Posted by <a href=\"https:\/\/www.facebook.com\/CarlosHaquimOK\/\">Carlos Haquim<\/a> on&nbsp;<a href=\"https:\/\/www.facebook.com\/CarlosHaquimOK\/posts\/3735895609773763\">Tuesday, August 18, 2020<\/a><\/blockquote><\/div>\n<\/div><\/figure>\n","protected":false},"excerpt":{"rendered":"<p>El vicegobernador de la provincia lo confirm\u00f3 en sus redes sociales. Hace unos minutos el vicegobernador de la provincia de Jujuy, Carlos Haquim, confirm\u00f3 que se contagi\u00f3 de coronavirus. Se encuentra aislado en su domicilio y continuar\u00e1 sus labores de manera virtual. Asimismo, el vicegobernador afirm\u00f3 que se realiz\u00f3 el test PCR hace 48 horas [&hellip;]<\/p>\n","protected":false},"author":1,"featured_media":260459,"comment_status":"open","ping_status":"open","sticky":false,"template":"","format":"standard","meta":{"_stopmodifiedupdate":false,"_modified_date":"","inline_featured_image":false,"spay_email":"","jetpack_publicize_message":""},"categories":[2],"tags":[],"jetpack_featured_media_url":"https:\/\/notinor.com\/jujuy\/wp-content\/uploads\/2020\/08\/haquim-1.jpg","jetpack_publicize_connections":[],"_links":{"self":[{"href":"https:\/\/notinor.com\/jujuy\/wp-json\/wp\/v2\/posts\/260457"}],"collection":[{"href":"https:\/\/notinor.com\/jujuy\/wp-json\/wp\/v2\/posts"}],"about":[{"href":"https:\/\/notinor.com\/jujuy\/wp-json\/wp\/v2\/types\/post"}],"author":[{"embeddable":true,"href":"https:\/\/notinor.com\/jujuy\/wp-json\/wp\/v2\/users\/1"}],"replies":[{"embeddable":true,"href":"https:\/\/notinor.com\/jujuy\/wp-json\/wp\/v2\/comments?post=260457"}],"version-history":[{"count":1,"href":"https:\/\/notinor.com\/jujuy\/wp-json\/wp\/v2\/posts\/260457\/revisions"}],"predecessor-version":[{"id":260460,"href":"https:\/\/notinor.com\/jujuy\/wp-json\/wp\/v2\/posts\/260457\/revisions\/260460"}],"wp:featuredmedia":[{"embeddable":true,"href":"https:\/\/notinor.com\/jujuy\/wp-json\/wp\/v2\/media\/260459"}],"wp:attachment":[{"href":"https:\/\/notinor.com\/jujuy\/wp-json\/wp\/v2\/media?parent=260457"}],"wp:term":[{"taxonomy":"category","embeddable":true,"href":"https:\/\/notinor.com\/jujuy\/wp-json\/wp\/v2\/categories?post=260457"},{"taxonomy":"post_tag","embeddable":true,"href":"https:\/\/notinor.com\/jujuy\/wp-json\/wp\/v2\/tags?post=260457"}],"curies":[{"name":"wp","href":"https:\/\/api.w.org\/{rel}","templated":true}]}}