{"id":260456,"date":"2020-08-18T22:20:18","date_gmt":"2020-08-19T01:20:18","guid":{"rendered":"https:\/\/notinor.com\/jujuy\/?p=260456"},"modified":"2020-08-19T10:44:01","modified_gmt":"2020-08-19T13:44:01","slug":"buscaran-a-pacientes-recuperados-que-puedan-donar-plasma","status":"publish","type":"post","link":"https:\/\/notinor.com\/jujuy\/buscaran-a-pacientes-recuperados-que-puedan-donar-plasma\/","title":{"rendered":"Buscar\u00e1n a pacientes recuperados que puedan donar plasma"},"content":{"rendered":"\n<p>Con 3784 personas que ya vencieron a la enfermedad, menos de 100 se acercaron a donar plasma cuando desde el COE estiman que m\u00e1s de 1000 podr\u00edan hacerlo.<\/p>\n\n\n\n<figure class=\"wp-block-image size-large\"><img decoding=\"async\" loading=\"lazy\" width=\"818\" height=\"480\" src=\"https:\/\/notinor.com\/jujuy\/wp-content\/uploads\/2020\/08\/FONAVI-Alto-comedero-818x480.jpg\" alt=\"\" class=\"wp-image-260462\" srcset=\"https:\/\/notinor.com\/jujuy\/wp-content\/uploads\/2020\/08\/FONAVI-Alto-comedero-818x480.jpg 818w, https:\/\/notinor.com\/jujuy\/wp-content\/uploads\/2020\/08\/FONAVI-Alto-comedero-622x365.jpg 622w, https:\/\/notinor.com\/jujuy\/wp-content\/uploads\/2020\/08\/FONAVI-Alto-comedero-768x451.jpg 768w, https:\/\/notinor.com\/jujuy\/wp-content\/uploads\/2020\/08\/FONAVI-Alto-comedero-750x440.jpg 750w, https:\/\/notinor.com\/jujuy\/wp-content\/uploads\/2020\/08\/FONAVI-Alto-comedero-1140x669.jpg 1140w, https:\/\/notinor.com\/jujuy\/wp-content\/uploads\/2020\/08\/FONAVI-Alto-comedero.jpg 1148w\" sizes=\"(max-width: 818px) 100vw, 818px\" \/><\/figure>\n\n\n\n<p>Hoy, en horas de la tarde, dar\u00e1 inicio un importante operativo sanitario de alerta epidemiol\u00f3gica en los distintos barrios de la provincia. El objetivo del mismo ser\u00e1 identificar los factores de riesgo y de vulnerabilidad en las distintas \u00e1reas barriales. Adem\u00e1s, se realizar\u00e1 una b\u00fasqueda activa de pacientes recuperados que puedan donar plasma.<\/p>\n\n\n\n<p>Este \u00faltimo eje del operativo se llevar\u00e1 adelante ya que <strong>en la provincia hay 3784 pacientes recuperados de coronavirus, y menos de 100 se dispusieron a donar plasma<\/strong> -hasta el informe del pasado domingo 16 de agosto, solo 65 personas-, <strong>desde el Comit\u00e9 Operativo de Emergencia estiman que el 30% de los recuperados podr\u00eda donar, lo que abarcar\u00eda un universo de m\u00e1s de 1100 individuos<\/strong>.<\/p>\n\n\n\n<p>Desde el Centro Regional de Hemoterapia contin\u00faan instando a que las personas donen plasma para ayudar a la recuperaci\u00f3n de los pacientes enfermos. Asimismo recordaron los <strong>requisitos para ser donantes:<\/strong><\/p>\n\n\n\n<ul><li>Ser diagn\u00f3stico COVID-19 positivo.<\/li><li>Aquellas personas positivas, podr\u00e1n donar a los 28 d\u00edas posteriores a la fecha del diagn\u00f3stico o bien 14 d\u00edas despu\u00e9s de la resoluci\u00f3n de los s\u00edntomas si cuenta con un PCR negativo.<\/li><li>Pacientes mujeres recuperadas no deber\u00e1n tener antecedentes de embarazo o aborto para donar.<\/li><li>Sentirse saludable; pesar m\u00e1s de 50 kilos; y poseer buenos accesos venosos en ambos brazos.<\/li><\/ul>\n\n\n\n<p>A todos los potenciales donantes de plasma se les realizar\u00e1 una prueba de laboratorio que determinar\u00e1 si podr\u00e1n serlos o no.<\/p>\n\n\n\n<p>Asimismo quienes quieran donar plasma podr\u00e1n inscribirse en <a href=\"https:\/\/midonaciondesangre.com.ar\/plasma\/\">midonaciondesangre.com.ar\/plasma<\/a> y el Centro Regional de Hemoterapia se pondr\u00e1 en contacto.<\/p>\n\n\n\n<figure class=\"wp-block-image size-large\"><img decoding=\"async\" src=\"https:\/\/scontent.ftuc1-1.fna.fbcdn.net\/v\/t1.0-9\/117870504_1974510066013132_5343148656945343719_o.jpg?_nc_cat=106&amp;_nc_sid=8bfeb9&amp;_nc_ohc=gT-VlxfW4coAX-5KzAM&amp;_nc_ht=scontent.ftuc1-1.fna&amp;oh=f4d6aaad22229edcb0473ea455053b27&amp;oe=5F613DCB\" alt=\"\"\/><\/figure>\n","protected":false},"excerpt":{"rendered":"<p>Con 3784 personas que ya vencieron a la enfermedad, menos de 100 se acercaron a donar plasma cuando desde el COE estiman que m\u00e1s de 1000 podr\u00edan hacerlo. Hoy, en horas de la tarde, dar\u00e1 inicio un importante operativo sanitario de alerta epidemiol\u00f3gica en los distintos barrios de la provincia. El objetivo del mismo ser\u00e1 [&hellip;]<\/p>\n","protected":false},"author":1,"featured_media":260462,"comment_status":"open","ping_status":"open","sticky":false,"template":"","format":"standard","meta":{"_stopmodifiedupdate":false,"_modified_date":"","inline_featured_image":false,"spay_email":"","jetpack_publicize_message":""},"categories":[2],"tags":[],"jetpack_featured_media_url":"https:\/\/notinor.com\/jujuy\/wp-content\/uploads\/2020\/08\/FONAVI-Alto-comedero.jpg","jetpack_publicize_connections":[],"_links":{"self":[{"href":"https:\/\/notinor.com\/jujuy\/wp-json\/wp\/v2\/posts\/260456"}],"collection":[{"href":"https:\/\/notinor.com\/jujuy\/wp-json\/wp\/v2\/posts"}],"about":[{"href":"https:\/\/notinor.com\/jujuy\/wp-json\/wp\/v2\/types\/post"}],"author":[{"embeddable":true,"href":"https:\/\/notinor.com\/jujuy\/wp-json\/wp\/v2\/users\/1"}],"replies":[{"embeddable":true,"href":"https:\/\/notinor.com\/jujuy\/wp-json\/wp\/v2\/comments?post=260456"}],"version-history":[{"count":2,"href":"https:\/\/notinor.com\/jujuy\/wp-json\/wp\/v2\/posts\/260456\/revisions"}],"predecessor-version":[{"id":260549,"href":"https:\/\/notinor.com\/jujuy\/wp-json\/wp\/v2\/posts\/260456\/revisions\/260549"}],"wp:featuredmedia":[{"embeddable":true,"href":"https:\/\/notinor.com\/jujuy\/wp-json\/wp\/v2\/media\/260462"}],"wp:attachment":[{"href":"https:\/\/notinor.com\/jujuy\/wp-json\/wp\/v2\/media?parent=260456"}],"wp:term":[{"taxonomy":"category","embeddable":true,"href":"https:\/\/notinor.com\/jujuy\/wp-json\/wp\/v2\/categories?post=260456"},{"taxonomy":"post_tag","embeddable":true,"href":"https:\/\/notinor.com\/jujuy\/wp-json\/wp\/v2\/tags?post=260456"}],"curies":[{"name":"wp","href":"https:\/\/api.w.org\/{rel}","templated":true}]}}