{"id":259584,"date":"2020-08-14T13:37:03","date_gmt":"2020-08-14T16:37:03","guid":{"rendered":"https:\/\/notinor.com\/jujuy\/?p=259584"},"modified":"2020-08-14T13:37:07","modified_gmt":"2020-08-14T16:37:07","slug":"buenos-tratos-durante-la-pandemia","status":"publish","type":"post","link":"https:\/\/notinor.com\/jujuy\/buenos-tratos-durante-la-pandemia\/","title":{"rendered":"Buenos tratos durante la pandemia"},"content":{"rendered":"\n<p>La direcci\u00f3n de Ni\u00f1ez y Adolescencia, dependiente de la secretar\u00eda de Desarrollo Humano, se encuentra abocada a la atenci\u00f3n de distintas problem\u00e1ticas como consecuencia de la etapa de aislamiento ante la pandemia del Covid-19. En este sentido, cuidar los v\u00ednculos afectivos y la salud emocional de los ni\u00f1os y ni\u00f1as es fundamental procurando un aislamiento sin violencia.<\/p>\n\n\n\n<div class=\"wp-block-image\"><figure class=\"aligncenter size-large\"><img decoding=\"async\" loading=\"lazy\" width=\"479\" height=\"480\" src=\"https:\/\/notinor.com\/jujuy\/wp-content\/uploads\/2020\/08\/buenos-tratos-1022x1024-1-479x480.jpeg\" alt=\"\" class=\"wp-image-259587\" srcset=\"https:\/\/notinor.com\/jujuy\/wp-content\/uploads\/2020\/08\/buenos-tratos-1022x1024-1-479x480.jpeg 479w, https:\/\/notinor.com\/jujuy\/wp-content\/uploads\/2020\/08\/buenos-tratos-1022x1024-1-364x365.jpeg 364w, https:\/\/notinor.com\/jujuy\/wp-content\/uploads\/2020\/08\/buenos-tratos-1022x1024-1-768x770.jpeg 768w, https:\/\/notinor.com\/jujuy\/wp-content\/uploads\/2020\/08\/buenos-tratos-1022x1024-1-75x75.jpeg 75w, https:\/\/notinor.com\/jujuy\/wp-content\/uploads\/2020\/08\/buenos-tratos-1022x1024-1-750x751.jpeg 750w, https:\/\/notinor.com\/jujuy\/wp-content\/uploads\/2020\/08\/buenos-tratos-1022x1024-1.jpeg 1022w\" sizes=\"(max-width: 479px) 100vw, 479px\" \/><\/figure><\/div>\n\n\n\n<p>Desde la direcci\u00f3n municipal, se advirti\u00f3 que es en la infancia donde se define la salud mental de un adulto, por eso se debe cuidar lo que ve y escucha el ni\u00f1o o ni\u00f1a; es muy importante generar espacios de conversaci\u00f3n para que puedan expresar sus preocupaciones y recibir con la calma sus reacciones emocionales; \u201ces una etapa en que nosotros debemos ense\u00f1arles a autorregular los enojos y las frustraciones\u201d, se\u00f1alo Mar\u00eda Bel\u00e9n G\u00f3mez, titular del \u00e1rea municipal.<\/p>\n\n\n\n<p>En este orden y brindando algunos consejos, hizo referencia a evitar la exposici\u00f3n a noticias y redes sociales, ya que la mayor\u00eda de la informaci\u00f3n que circula no est\u00e1 pensada para un p\u00fablico infantil, por lo que se debiera procurar reducir el uso de aparatos electr\u00f3nicos y buscar pasatiempos en familia.<\/p>\n\n\n\n<p>Al hacer alusi\u00f3n a un aislamiento sin violencia y aprender a convivir en tiempo de pandemia, resalt\u00f3 que debemos cuidar la salud mental de los m\u00e1s peque\u00f1os, incentiv\u00e1ndolos con afirmaciones del tipo: \u201cconfi\u00f3 en vos\u201d; \u201cestoy orgulloso\u201d, \u201d vos podes\u201d.<\/p>\n\n\n\n<p>Otra de las tem\u00e1ticas a tener en cuenta, es la prevenci\u00f3n de la violencia intra familiar, para ello \u201cdebemos comunicarnos con respeto; escucharnos atentamente; ser m\u00e1s tolerantes y aceptar las diferentes opiniones e incrementar las demostraciones de amor. En estos momentos de aislamiento el objetivo es no dejar que los ni\u00f1os sean las victimas ocultas de la pandemia\u201d.<\/p>\n\n\n\n<p>Es importante seguir suministrando la asistencia preventiva a posibles acciones que atenten contra la integridad f\u00edsica o emocional en la vida cotidiana de los m\u00e1s peque\u00f1os. Ante cualquier duda o informaci\u00f3n, la Direcci\u00f3n de Ni\u00f1ez y Adolescencia brinda la v\u00eda de contacto a trav\u00e9s de WhatsApp: 388-4400837, con atenci\u00f3n de 8 a 20hs.<\/p>\n","protected":false},"excerpt":{"rendered":"<p>La direcci\u00f3n de Ni\u00f1ez y Adolescencia, dependiente de la secretar\u00eda de Desarrollo Humano, se encuentra abocada a la atenci\u00f3n de distintas problem\u00e1ticas como consecuencia de la etapa de aislamiento ante la pandemia del Covid-19. En este sentido, cuidar los v\u00ednculos afectivos y la salud emocional de los ni\u00f1os y ni\u00f1as es fundamental procurando un aislamiento [&hellip;]<\/p>\n","protected":false},"author":5,"featured_media":259587,"comment_status":"open","ping_status":"open","sticky":false,"template":"","format":"standard","meta":{"_stopmodifiedupdate":false,"_modified_date":"","inline_featured_image":false,"spay_email":"","jetpack_publicize_message":""},"categories":[13],"tags":[],"jetpack_featured_media_url":"https:\/\/notinor.com\/jujuy\/wp-content\/uploads\/2020\/08\/buenos-tratos-1022x1024-1.jpeg","jetpack_publicize_connections":[],"_links":{"self":[{"href":"https:\/\/notinor.com\/jujuy\/wp-json\/wp\/v2\/posts\/259584"}],"collection":[{"href":"https:\/\/notinor.com\/jujuy\/wp-json\/wp\/v2\/posts"}],"about":[{"href":"https:\/\/notinor.com\/jujuy\/wp-json\/wp\/v2\/types\/post"}],"author":[{"embeddable":true,"href":"https:\/\/notinor.com\/jujuy\/wp-json\/wp\/v2\/users\/5"}],"replies":[{"embeddable":true,"href":"https:\/\/notinor.com\/jujuy\/wp-json\/wp\/v2\/comments?post=259584"}],"version-history":[{"count":1,"href":"https:\/\/notinor.com\/jujuy\/wp-json\/wp\/v2\/posts\/259584\/revisions"}],"predecessor-version":[{"id":259589,"href":"https:\/\/notinor.com\/jujuy\/wp-json\/wp\/v2\/posts\/259584\/revisions\/259589"}],"wp:featuredmedia":[{"embeddable":true,"href":"https:\/\/notinor.com\/jujuy\/wp-json\/wp\/v2\/media\/259587"}],"wp:attachment":[{"href":"https:\/\/notinor.com\/jujuy\/wp-json\/wp\/v2\/media?parent=259584"}],"wp:term":[{"taxonomy":"category","embeddable":true,"href":"https:\/\/notinor.com\/jujuy\/wp-json\/wp\/v2\/categories?post=259584"},{"taxonomy":"post_tag","embeddable":true,"href":"https:\/\/notinor.com\/jujuy\/wp-json\/wp\/v2\/tags?post=259584"}],"curies":[{"name":"wp","href":"https:\/\/api.w.org\/{rel}","templated":true}]}}