{"id":259578,"date":"2020-08-14T13:24:37","date_gmt":"2020-08-14T16:24:37","guid":{"rendered":"https:\/\/notinor.com\/jujuy\/?p=259578"},"modified":"2020-08-24T12:19:44","modified_gmt":"2020-08-24T15:19:44","slug":"lady-gaga-salio-del-closet-farmacologico-si-tengo-problemas-mentales","status":"publish","type":"post","link":"https:\/\/notinor.com\/jujuy\/lady-gaga-salio-del-closet-farmacologico-si-tengo-problemas-mentales\/","title":{"rendered":"Lady Gaga sali\u00f3 del closet farmacol\u00f3gico: \u201cS\u00ed, tengo problemas mentales\u201d"},"content":{"rendered":"\n<p>Lady Gaga sali\u00f3 del closet farmacol\u00f3gico: \u201cS\u00ed, tengo problemas mentales\u201d<\/p>\n\n\n\n<p>La cantante y actriz, de 34 a\u00f1os, confes\u00f3 que consume antipsic\u00f3ticos y dio detalles del problema que debe enfrentar cotidianamente.<\/p>\n\n\n\n<figure class=\"wp-block-image size-large\"><img decoding=\"async\" loading=\"lazy\" width=\"340\" height=\"340\" src=\"https:\/\/notinor.com\/jujuy\/wp-content\/uploads\/2020\/08\/lady-gaga-una-estrella-del___HsGpOO2i5_340x340__1.jpg\" alt=\"\" class=\"wp-image-259579\" srcset=\"https:\/\/notinor.com\/jujuy\/wp-content\/uploads\/2020\/08\/lady-gaga-una-estrella-del___HsGpOO2i5_340x340__1.jpg 340w, https:\/\/notinor.com\/jujuy\/wp-content\/uploads\/2020\/08\/lady-gaga-una-estrella-del___HsGpOO2i5_340x340__1-75x75.jpg 75w\" sizes=\"(max-width: 340px) 100vw, 340px\" \/><\/figure>\n\n\n\n<p>Lady Gaga\u00a0sali\u00f3 a hacer una triste confesi\u00f3n durante una entrevista para\u00a0Radio Apple Music Beats: la famosa cantante\u00a0revel\u00f3 que\u00a0consume antipsic\u00f3ticos,\u00a0es decir, medicamentos empleados para tratar un estado de\u00a0esquizofrenia\u00a0con des\u00f3rdenes que desembocan en una\u00a0bipolaridad diagnosticada.<\/p>\n\n\n\n<p>La coprotagonista de la remake de\u00a0Nace una estrella\u00a0dijo -y esto podr\u00eda hasta considerarse un ox\u00edmoron- \"ser\u00a0consciente\" de todo este problema.\u00a0\u201cS\u00e9 que tengo trastornos\u00a0mentales\u00a0que a veces hacen que yo no pueda funcionar\u00a0como ser humano... \u201dNacida hace\u00a034 a\u00f1os\u00a0como Stefani Joanne Angelina Germanotta, la cantante pop oriunda de\u00a0Nueva York decidi\u00f3 conceder una entrevista muy open mind\u00a0y cont\u00f3 los juegos de su mente en el programa\u00a0Radio Beats 1\u00a0de Apple Music, conducido por\u00a0Zane Lowe.<\/p>\n\n\n\n<figure class=\"wp-block-image\"><img alt=\"\"\/><\/figure>\n\n\n\n<p>Su pedido de auxilio lleg\u00f3 a la m\u00fasica y admiti\u00f3 haber escrito\u00a0\"una canci\u00f3n llamada 911\", donde\u00a0la\u00a0emergencia pasa por blanquear, veladamente,\u00a0el nombre de un antipsic\u00f3tico que est\u00e1 en su dieta cotidiana. \"No siempre puedo controlar las cosas que hace mi cerebro\u00a0y por eso tengo que tomar este medicamento que detiene\u00a0el proceso que me puede estar\u00a0ocurriendo\u201d, declar\u00f3.<\/p>\n\n\n\n<p>911\u00a0es una de las canciones preferidas de su nuevo \u00e1lbum. Ideal para bailar en cualquier pista, el tema -su\u00a0ritmo- es la cristalizaci\u00f3n de\u00a0la\u00a0lucha de Gaga por\u00a0intentar mantener el equilibrio mental.<span style=\"box-sizing: border-box; font-weight: inherit; font-family: portada-bold;\"><\/span>\u00a0911\u00a0est\u00e1 en\u00a0Chromatica,\u00a0su \u00faltimo disco\u00a0lanzado el 29 de mayo de\u00a0bajo el sello de\u00a0Interscope.<\/p>\n\n\n\n<p>Al parecer, desde adolescente\u00a0tuvo que luchar contra su\u00a0psiquis,\u00a0por lo que no es\u00a0nada fuera de lo com\u00fan\u00a0estar tomando medicaci\u00f3n antipsic\u00f3tica. \u201cNo puedo siempre controlar las cosas que hace mi cabeza y tengo que tomar estos remedios\".\u00a0Un pie de p\u00e1gina:\u00a0911\u00a0se refiere puntualmente a la olanzapina, antipsic\u00f3tico para episodios depresivos asociados a trastornos bipolares.\u201cS\u00ed,\u00a0tengo problemas mentales\u00a0y s\u00e9 que a veces pueden convertirme en alguien disfuncional\u201d, enfatiz\u00f3 quien tambi\u00e9n es actriz. <\/p>\n\n\n\n<p>\u00bfQu\u00e9 pas\u00f3? \u00bfA qu\u00e9 se debe? \u201cYo\u00a0fui violada cuando ten\u00eda 19 a\u00f1os. Y\u00a0repetidamente\u201d, hab\u00eda contado un a\u00f1o atr\u00e1s en una nota con\u00a0Oprah Winfrey\u00a0para la revista\u00a0Elle. Hubo m\u00e1s de un \"brote psic\u00f3tico\u201d en su vida.Gaga recuerda un episodio que\u00a0tuvo despu\u00e9s de un discurso p\u00fablico. \"Fue una de las peores cosas que me han pasado. No entend\u00eda lo que estaba sucediendo porque todo mi cuerpo se entumeci\u00f3 y\u00a0me disoci\u00e9 completamente sin poder\u00a0controlar algunas partes. Empec\u00e9 a gritar y despu\u00e9s el psiquiatra me calm\u00f3 con estos\u00a0medicamentos\u201d, asegur\u00f3.<\/p>\n","protected":false},"excerpt":{"rendered":"<p>Lady Gaga sali\u00f3 del closet farmacol\u00f3gico: \u201cS\u00ed, tengo problemas mentales\u201d La cantante y actriz, de 34 a\u00f1os, confes\u00f3 que consume antipsic\u00f3ticos y dio detalles del problema que debe enfrentar cotidianamente. Lady Gaga\u00a0sali\u00f3 a hacer una triste confesi\u00f3n durante una entrevista para\u00a0Radio Apple Music Beats: la famosa cantante\u00a0revel\u00f3 que\u00a0consume antipsic\u00f3ticos,\u00a0es decir, medicamentos empleados para tratar un [&hellip;]<\/p>\n","protected":false},"author":1,"featured_media":259579,"comment_status":"open","ping_status":"open","sticky":false,"template":"","format":"standard","meta":{"_stopmodifiedupdate":false,"_modified_date":"","inline_featured_image":false,"spay_email":"","jetpack_publicize_message":""},"categories":[21],"tags":[],"jetpack_featured_media_url":"https:\/\/notinor.com\/jujuy\/wp-content\/uploads\/2020\/08\/lady-gaga-una-estrella-del___HsGpOO2i5_340x340__1.jpg","jetpack_publicize_connections":[],"_links":{"self":[{"href":"https:\/\/notinor.com\/jujuy\/wp-json\/wp\/v2\/posts\/259578"}],"collection":[{"href":"https:\/\/notinor.com\/jujuy\/wp-json\/wp\/v2\/posts"}],"about":[{"href":"https:\/\/notinor.com\/jujuy\/wp-json\/wp\/v2\/types\/post"}],"author":[{"embeddable":true,"href":"https:\/\/notinor.com\/jujuy\/wp-json\/wp\/v2\/users\/1"}],"replies":[{"embeddable":true,"href":"https:\/\/notinor.com\/jujuy\/wp-json\/wp\/v2\/comments?post=259578"}],"version-history":[{"count":1,"href":"https:\/\/notinor.com\/jujuy\/wp-json\/wp\/v2\/posts\/259578\/revisions"}],"predecessor-version":[{"id":259580,"href":"https:\/\/notinor.com\/jujuy\/wp-json\/wp\/v2\/posts\/259578\/revisions\/259580"}],"wp:featuredmedia":[{"embeddable":true,"href":"https:\/\/notinor.com\/jujuy\/wp-json\/wp\/v2\/media\/259579"}],"wp:attachment":[{"href":"https:\/\/notinor.com\/jujuy\/wp-json\/wp\/v2\/media?parent=259578"}],"wp:term":[{"taxonomy":"category","embeddable":true,"href":"https:\/\/notinor.com\/jujuy\/wp-json\/wp\/v2\/categories?post=259578"},{"taxonomy":"post_tag","embeddable":true,"href":"https:\/\/notinor.com\/jujuy\/wp-json\/wp\/v2\/tags?post=259578"}],"curies":[{"name":"wp","href":"https:\/\/api.w.org\/{rel}","templated":true}]}}