{"id":259572,"date":"2020-08-14T13:13:55","date_gmt":"2020-08-14T16:13:55","guid":{"rendered":"https:\/\/notinor.com\/jujuy\/?p=259572"},"modified":"2022-04-28T00:15:53","modified_gmt":"2022-04-28T03:15:53","slug":"brian-lanzelotta-opino-del-look-de-karina-la-princesita-tiene-dias-en-los-que-apuesta-un-poquito-mas","status":"publish","type":"post","link":"https:\/\/notinor.com\/jujuy\/brian-lanzelotta-opino-del-look-de-karina-la-princesita-tiene-dias-en-los-que-apuesta-un-poquito-mas\/","title":{"rendered":"Brian Lanzelotta opin\u00f3 del look de Karina la Princesita: \"Tiene d\u00edas en los que apuesta un poquito m\u00e1s\""},"content":{"rendered":"\n<p>El cantante particip\u00f3 de\u00a0La jaula de la moda\u00a0y dio su opini\u00f3n sobre la vestimenta que usa la jurado de\u00a0Cantando 2020.<\/p>\n\n\n\n<figure class=\"wp-block-image size-large\"><img decoding=\"async\" loading=\"lazy\" width=\"840\" height=\"473\" src=\"https:\/\/notinor.com\/jujuy\/wp-content\/uploads\/2020\/08\/MW772D5AC5AFPEL6U2DOSTJJUQ-840x473.jpg\" alt=\"\" class=\"wp-image-259573\" srcset=\"https:\/\/notinor.com\/jujuy\/wp-content\/uploads\/2020\/08\/MW772D5AC5AFPEL6U2DOSTJJUQ-840x473.jpg 840w, https:\/\/notinor.com\/jujuy\/wp-content\/uploads\/2020\/08\/MW772D5AC5AFPEL6U2DOSTJJUQ-649x365.jpg 649w, https:\/\/notinor.com\/jujuy\/wp-content\/uploads\/2020\/08\/MW772D5AC5AFPEL6U2DOSTJJUQ-768x432.jpg 768w, https:\/\/notinor.com\/jujuy\/wp-content\/uploads\/2020\/08\/MW772D5AC5AFPEL6U2DOSTJJUQ-1536x864.jpg 1536w, https:\/\/notinor.com\/jujuy\/wp-content\/uploads\/2020\/08\/MW772D5AC5AFPEL6U2DOSTJJUQ-750x422.jpg 750w, https:\/\/notinor.com\/jujuy\/wp-content\/uploads\/2020\/08\/MW772D5AC5AFPEL6U2DOSTJJUQ-1140x641.jpg 1140w, https:\/\/notinor.com\/jujuy\/wp-content\/uploads\/2020\/08\/MW772D5AC5AFPEL6U2DOSTJJUQ.jpg 1920w\" sizes=\"(max-width: 840px) 100vw, 840px\" \/><\/figure>\n\n\n\n<p>Este jueves,\u00a0Brian Lanzelotta\u00a0fue convocado por\u00a0La jaula de la moda\u00a0(lunes a viernes a las 19 por\u00a0Ciudad Magazine) y all\u00ed respondi\u00f3 todas y cada una de las preguntas de los especialistas. El cantante apareci\u00f3 con un original pijama que\u00a0Horacio Cabak\u00a0compar\u00f3 con la vestimenta del brujo\u00a0Gargamel\u00a0de\u00a0Los Pitufos\u00a0y dio su opini\u00f3n sobre el look de los jurados de\u00a0Cantando 2020.<\/p>\n\n\n\n<figure class=\"wp-block-image size-large\"><img decoding=\"async\" loading=\"lazy\" width=\"770\" height=\"372\" src=\"https:\/\/notinor.com\/jujuy\/wp-content\/uploads\/2020\/08\/2020073108292642312.jpg\" alt=\"\" class=\"wp-image-259574\" srcset=\"https:\/\/notinor.com\/jujuy\/wp-content\/uploads\/2020\/08\/2020073108292642312.jpg 770w, https:\/\/notinor.com\/jujuy\/wp-content\/uploads\/2020\/08\/2020073108292642312-660x319.jpg 660w, https:\/\/notinor.com\/jujuy\/wp-content\/uploads\/2020\/08\/2020073108292642312-768x371.jpg 768w, https:\/\/notinor.com\/jujuy\/wp-content\/uploads\/2020\/08\/2020073108292642312-750x362.jpg 750w\" sizes=\"(max-width: 770px) 100vw, 770px\" \/><\/figure>\n\n\n\n<p>Cuidadoso, el ex\u00a0Gran Hermano\u00a0asegur\u00f3 que la vestimenta de\u00a0Pepito Cibri\u00e1n\u00a0es 'muy llamativa'. \"Yo no me podr\u00eda vestir as\u00ed, pero a \u00e9l le queda espectacular.\u00a0Moria\u00a0(Cas\u00e1n) es Moria, y\u00a0Nacha\u00a0(Guevara) es tranquila pero elegante\". Finalmente, y en una muestra de diplomacia, Lanzelotta asegur\u00f3 que Karina 'siempre var\u00eda, tiene d\u00edas en los que apuesta un poquito m\u00e1s, otros en los que va m\u00e1s tranquila'. \"Igual yo no s\u00e9 nada de moda, chicos\", se defendi\u00f3 el joven.<\/p>\n","protected":false},"excerpt":{"rendered":"<p>El cantante particip\u00f3 de\u00a0La jaula de la moda\u00a0y dio su opini\u00f3n sobre la vestimenta que usa la jurado de\u00a0Cantando 2020. Este jueves,\u00a0Brian Lanzelotta\u00a0fue convocado por\u00a0La jaula de la moda\u00a0(lunes a viernes a las 19 por\u00a0Ciudad Magazine) y all\u00ed respondi\u00f3 todas y cada una de las preguntas de los especialistas. El cantante apareci\u00f3 con un original [&hellip;]<\/p>\n","protected":false},"author":1,"featured_media":259574,"comment_status":"open","ping_status":"open","sticky":false,"template":"","format":"standard","meta":{"_stopmodifiedupdate":false,"_modified_date":"","inline_featured_image":false,"spay_email":"","jetpack_publicize_message":""},"categories":[21],"tags":[],"jetpack_featured_media_url":"https:\/\/notinor.com\/jujuy\/wp-content\/uploads\/2020\/08\/2020073108292642312.jpg","jetpack_publicize_connections":[],"_links":{"self":[{"href":"https:\/\/notinor.com\/jujuy\/wp-json\/wp\/v2\/posts\/259572"}],"collection":[{"href":"https:\/\/notinor.com\/jujuy\/wp-json\/wp\/v2\/posts"}],"about":[{"href":"https:\/\/notinor.com\/jujuy\/wp-json\/wp\/v2\/types\/post"}],"author":[{"embeddable":true,"href":"https:\/\/notinor.com\/jujuy\/wp-json\/wp\/v2\/users\/1"}],"replies":[{"embeddable":true,"href":"https:\/\/notinor.com\/jujuy\/wp-json\/wp\/v2\/comments?post=259572"}],"version-history":[{"count":1,"href":"https:\/\/notinor.com\/jujuy\/wp-json\/wp\/v2\/posts\/259572\/revisions"}],"predecessor-version":[{"id":259575,"href":"https:\/\/notinor.com\/jujuy\/wp-json\/wp\/v2\/posts\/259572\/revisions\/259575"}],"wp:featuredmedia":[{"embeddable":true,"href":"https:\/\/notinor.com\/jujuy\/wp-json\/wp\/v2\/media\/259574"}],"wp:attachment":[{"href":"https:\/\/notinor.com\/jujuy\/wp-json\/wp\/v2\/media?parent=259572"}],"wp:term":[{"taxonomy":"category","embeddable":true,"href":"https:\/\/notinor.com\/jujuy\/wp-json\/wp\/v2\/categories?post=259572"},{"taxonomy":"post_tag","embeddable":true,"href":"https:\/\/notinor.com\/jujuy\/wp-json\/wp\/v2\/tags?post=259572"}],"curies":[{"name":"wp","href":"https:\/\/api.w.org\/{rel}","templated":true}]}}