{"id":25938,"date":"2015-05-06T00:04:15","date_gmt":"2015-05-06T03:04:15","guid":{"rendered":"http:\/\/notinor.com\/jujuy\/?p=25938"},"modified":"2015-05-05T22:27:41","modified_gmt":"2015-05-06T01:27:41","slug":"balotaje-en-bolivia-el-partido-de-evo-perdia-las-dos-gobernaciones-en-juego","status":"publish","type":"post","link":"https:\/\/notinor.com\/jujuy\/balotaje-en-bolivia-el-partido-de-evo-perdia-las-dos-gobernaciones-en-juego\/","title":{"rendered":"Balotaje en Bolivia:  El partido de Evo perd\u00eda las dos gobernaciones en juego"},"content":{"rendered":"<p>El gobierno liderado por Evo Morales sufr\u00eda ayer dos derrotas en los departamentos de Tarija y Beni, tradicionalmente opositores y de esta manera, cuatro de los nueve grandes distritos no responden al oficialismo. A pesar de que los n\u00fameros oficiales indicaban una tendencia dif\u00edcil de revertir, el mandatario declar\u00f3 que hab\u00eda ganado en el segundo de los departamentos y que \"hab\u00eda tergiversaci\u00f3n de los periodistas\".<\/p>\n<p>El primero es el departamento m\u00e1s rico en reservas de gas del pa\u00eds, cuyas exportaciones son el principal sosten de la econom\u00eda nacional. All\u00ed, con el 61,4%, el candidato de Unidad Departamental Autonomista (UDA), Adrian Oliva, ser\u00eda gobernador de acuerdo a los primeros resultados en boca de urna. Le gan\u00f3 al postulante del Movimiento Al Socialismo (MAS) Pablo Canedo, que alcanz\u00f3 el 38,6%. Los resultados son de bocas de urnas y los primeros datos oficiales a\u00fan no se hab\u00edan difundido.<\/p>\n<p>En Beni, en el norte, en plena amazonia boliviana, la disputa es entre el aspirante oficialista del MAS, Alex Ferrier, y el opositor Carlos Dellien, del grupo NACER fue muy peleada. All\u00ed, seg\u00fan los bocas de urna, Dellien cosechaba el 50,5% contra el 49,5% de su rival. Pero al 30% del escrutinio, Dellien aventaja al candidato masista en m\u00e1s de 10 puntos, 55% a 44%.<\/p>\n<p>En este in\u00e9dito proceso electoral, el oficialismo puso a prueba su hegemon\u00eda regional, debido a que hasta ahora hab\u00eda ganado Cochabamba, Pando, Oruro, Potos\u00ed y Chuquisaca; pero perdi\u00f3 en La Paz y Santa Cruz, por lo que Tarija y Beni marcaban la tendencia del poder regional. Cabe recordar que Beni, en las elecciones a presidente del 29 de octubre, fue el \u00fanico departamento donde Evo no gan\u00f3.<br \/>\nEn caso de un resultado adverso, la correlaci\u00f3n de fuerzas entre el oficialista Movimiento Al Socialismo (MAS) y la oposici\u00f3n, fragmentada en varios partidos y agrupaciones ciudadanas, estar\u00e1 emparejada, para discutir en igualdad de condiciones cuestiones cruciales como una nueva ley de distribuci\u00f3n de los recursos y las autonom\u00edas regionales.<br \/>\nLos comicios de marzo fueron un llamado de atenci\u00f3n para Morales porque adem\u00e1s evidenci\u00f3 un descenso general de la votaci\u00f3n del oficialismo respecto de las elecciones presidenciales de octubre pasado, en que logr\u00f3 un tercer mandato con el 61% de los sufragios.<br \/>\nDurante la campa\u00f1a para los balotajes en estas dos gobernaciones, el presidente y el vicepresidente Alvaro Garc\u00eda Linera recorrieron y estuvieron muy presentes en los dos lugares.<\/p>\n","protected":false},"excerpt":{"rendered":"<p>El gobierno liderado por Evo Morales sufr\u00eda ayer dos derrotas en los departamentos de Tarija y Beni, tradicionalmente opositores y de esta manera, cuatro de los nueve grandes distritos no responden al oficialismo. A pesar de que los n\u00fameros oficiales indicaban una tendencia dif\u00edcil de revertir, el mandatario declar\u00f3 que hab\u00eda ganado en el segundo [&hellip;]<\/p>\n","protected":false},"author":1,"featured_media":25939,"comment_status":"open","ping_status":"open","sticky":false,"template":"","format":"standard","meta":{"_stopmodifiedupdate":false,"_modified_date":"","inline_featured_image":false},"categories":[6],"tags":[],"jetpack_featured_media_url":"https:\/\/notinor.com\/jujuy\/wp-content\/uploads\/2015\/05\/evo-enojado-2.jpg","_links":{"self":[{"href":"https:\/\/notinor.com\/jujuy\/wp-json\/wp\/v2\/posts\/25938"}],"collection":[{"href":"https:\/\/notinor.com\/jujuy\/wp-json\/wp\/v2\/posts"}],"about":[{"href":"https:\/\/notinor.com\/jujuy\/wp-json\/wp\/v2\/types\/post"}],"author":[{"embeddable":true,"href":"https:\/\/notinor.com\/jujuy\/wp-json\/wp\/v2\/users\/1"}],"replies":[{"embeddable":true,"href":"https:\/\/notinor.com\/jujuy\/wp-json\/wp\/v2\/comments?post=25938"}],"version-history":[{"count":1,"href":"https:\/\/notinor.com\/jujuy\/wp-json\/wp\/v2\/posts\/25938\/revisions"}],"predecessor-version":[{"id":25940,"href":"https:\/\/notinor.com\/jujuy\/wp-json\/wp\/v2\/posts\/25938\/revisions\/25940"}],"wp:featuredmedia":[{"embeddable":true,"href":"https:\/\/notinor.com\/jujuy\/wp-json\/wp\/v2\/media\/25939"}],"wp:attachment":[{"href":"https:\/\/notinor.com\/jujuy\/wp-json\/wp\/v2\/media?parent=25938"}],"wp:term":[{"taxonomy":"category","embeddable":true,"href":"https:\/\/notinor.com\/jujuy\/wp-json\/wp\/v2\/categories?post=25938"},{"taxonomy":"post_tag","embeddable":true,"href":"https:\/\/notinor.com\/jujuy\/wp-json\/wp\/v2\/tags?post=25938"}],"curies":[{"name":"wp","href":"https:\/\/api.w.org\/{rel}","templated":true}]}}