{"id":25927,"date":"2015-05-06T00:03:58","date_gmt":"2015-05-06T03:03:58","guid":{"rendered":"http:\/\/notinor.com\/jujuy\/?p=25927"},"modified":"2015-05-05T22:04:55","modified_gmt":"2015-05-06T01:04:55","slug":"arrestados-y-secuestro-de-arma-blanca","status":"publish","type":"post","link":"https:\/\/notinor.com\/jujuy\/arrestados-y-secuestro-de-arma-blanca\/","title":{"rendered":"ARRESTADOS Y SECUESTRO DE ARMA BLANCA"},"content":{"rendered":"<p>El procedimiento se concret\u00f3 alrededor de la hora 3:50 aproximadamente, cuando los efectivos policiales del citado cuerpo especial efectuaban recorridos preventivos por arterias de los barrios de zona sur.<\/p>\n<p>En esas circunstancias al encontrarse en la intersecci\u00f3n de las calles Purma y Ma\u00edz Gordo, los polic\u00edas advirtieron la presencia de tres individuos quienes momentos antes descendieron sospechosamente de un rem\u00eds, por lo que fueron interceptados y demorados en el lugar.<\/p>\n<p>A continuaci\u00f3n los uniformados procedieron a realizar la requisa personal de los protagonistas, secuestrando un arma blanca, la cual estaba oculta entre las pertenencias de uno de estos, a ra\u00edz de esto fueron trasladados hacia la unidad actuante, con jurisdicci\u00f3n en la zona.<\/p>\n<p>Una vez all\u00ed y tras los tramites de rigor los sujetos quedaron alojados preventivamente a disposici\u00f3n de la justicia por \"averiguaci\u00f3n de antecedentes\".<\/p>\n","protected":false},"excerpt":{"rendered":"<p>El procedimiento se concret\u00f3 alrededor de la hora 3:50 aproximadamente, cuando los efectivos policiales del citado cuerpo especial efectuaban recorridos preventivos por arterias de los barrios de zona sur. En esas circunstancias al encontrarse en la intersecci\u00f3n de las calles Purma y Ma\u00edz Gordo, los polic\u00edas advirtieron la presencia de tres individuos quienes momentos antes [&hellip;]<\/p>\n","protected":false},"author":1,"featured_media":1640,"comment_status":"open","ping_status":"open","sticky":false,"template":"","format":"standard","meta":{"_stopmodifiedupdate":false,"_modified_date":"","inline_featured_image":false},"categories":[3],"tags":[],"jetpack_featured_media_url":"https:\/\/notinor.com\/jujuy\/wp-content\/uploads\/2014\/10\/arma-blanca.jpg","_links":{"self":[{"href":"https:\/\/notinor.com\/jujuy\/wp-json\/wp\/v2\/posts\/25927"}],"collection":[{"href":"https:\/\/notinor.com\/jujuy\/wp-json\/wp\/v2\/posts"}],"about":[{"href":"https:\/\/notinor.com\/jujuy\/wp-json\/wp\/v2\/types\/post"}],"author":[{"embeddable":true,"href":"https:\/\/notinor.com\/jujuy\/wp-json\/wp\/v2\/users\/1"}],"replies":[{"embeddable":true,"href":"https:\/\/notinor.com\/jujuy\/wp-json\/wp\/v2\/comments?post=25927"}],"version-history":[{"count":1,"href":"https:\/\/notinor.com\/jujuy\/wp-json\/wp\/v2\/posts\/25927\/revisions"}],"predecessor-version":[{"id":25928,"href":"https:\/\/notinor.com\/jujuy\/wp-json\/wp\/v2\/posts\/25927\/revisions\/25928"}],"wp:featuredmedia":[{"embeddable":true,"href":"https:\/\/notinor.com\/jujuy\/wp-json\/wp\/v2\/media\/1640"}],"wp:attachment":[{"href":"https:\/\/notinor.com\/jujuy\/wp-json\/wp\/v2\/media?parent=25927"}],"wp:term":[{"taxonomy":"category","embeddable":true,"href":"https:\/\/notinor.com\/jujuy\/wp-json\/wp\/v2\/categories?post=25927"},{"taxonomy":"post_tag","embeddable":true,"href":"https:\/\/notinor.com\/jujuy\/wp-json\/wp\/v2\/tags?post=25927"}],"curies":[{"name":"wp","href":"https:\/\/api.w.org\/{rel}","templated":true}]}}