{"id":259087,"date":"2020-08-12T16:51:04","date_gmt":"2020-08-12T19:51:04","guid":{"rendered":"https:\/\/notinor.com\/jujuy\/?p=259087"},"modified":"2020-08-12T16:51:08","modified_gmt":"2020-08-12T19:51:08","slug":"el-papa-se-reune-con-bachelet-para-hablar-de-america-latina-coronavirus-y-venezuela","status":"publish","type":"post","link":"https:\/\/notinor.com\/jujuy\/el-papa-se-reune-con-bachelet-para-hablar-de-america-latina-coronavirus-y-venezuela\/","title":{"rendered":"El Papa se re\u00fane con Bachelet para hablar de Am\u00e9rica Latina, coronavirus y Venezuela"},"content":{"rendered":"\n<p>El papa Francisco se reuni\u00f3 este mi\u00e9rcoles en el Vaticano con la alta comisionada para los Derechos Humanos de las Naciones Unidas y ex presidenta de Chile, Michelle Bachelet, con la que hablaron de la situaci\u00f3n en Am\u00e9rica Latina, de Venezuela y de coronavirus, informaron fuentes vaticanas.<\/p>\n\n\n\n<figure class=\"wp-block-image size-large\"><img decoding=\"async\" loading=\"lazy\" width=\"750\" height=\"473\" src=\"https:\/\/notinor.com\/jujuy\/wp-content\/uploads\/2020\/08\/PAPA-1.jpg\" alt=\"\" class=\"wp-image-259088\" srcset=\"https:\/\/notinor.com\/jujuy\/wp-content\/uploads\/2020\/08\/PAPA-1.jpg 750w, https:\/\/notinor.com\/jujuy\/wp-content\/uploads\/2020\/08\/PAPA-1-579x365.jpg 579w\" sizes=\"(max-width: 750px) 100vw, 750px\" \/><\/figure>\n\n\n\n<p>Durante el encuentro, entre las primeras reuniones que programa el pont\u00edfice debido a la temporada de vacaciones, se habl\u00f3 de la pandemia de coronavirus que azota a la regi\u00f3n y de la situaci\u00f3n de derechos humanos, en particular en Venezuela, precisaron fuentes religiosas.<\/p>\n\n\n\n<p>La reuni\u00f3n dur\u00f3 m\u00e1s de media y hora y se celebr\u00f3 en la biblioteca privada del palacio apost\u00f3lico.<\/p>\n\n\n\n<p>Ning\u00fan comunicado oficial fue divulgado al t\u00e9rmino del encuentro.<\/p>\n","protected":false},"excerpt":{"rendered":"<p>El papa Francisco se reuni\u00f3 este mi\u00e9rcoles en el Vaticano con la alta comisionada para los Derechos Humanos de las Naciones Unidas y ex presidenta de Chile, Michelle Bachelet, con la que hablaron de la situaci\u00f3n en Am\u00e9rica Latina, de Venezuela y de coronavirus, informaron fuentes vaticanas. Durante el encuentro, entre las primeras reuniones que [&hellip;]<\/p>\n","protected":false},"author":5,"featured_media":259088,"comment_status":"open","ping_status":"open","sticky":false,"template":"","format":"standard","meta":{"_stopmodifiedupdate":false,"_modified_date":"","inline_featured_image":false,"spay_email":"","jetpack_publicize_message":""},"categories":[6],"tags":[],"jetpack_featured_media_url":"https:\/\/notinor.com\/jujuy\/wp-content\/uploads\/2020\/08\/PAPA-1.jpg","jetpack_publicize_connections":[],"_links":{"self":[{"href":"https:\/\/notinor.com\/jujuy\/wp-json\/wp\/v2\/posts\/259087"}],"collection":[{"href":"https:\/\/notinor.com\/jujuy\/wp-json\/wp\/v2\/posts"}],"about":[{"href":"https:\/\/notinor.com\/jujuy\/wp-json\/wp\/v2\/types\/post"}],"author":[{"embeddable":true,"href":"https:\/\/notinor.com\/jujuy\/wp-json\/wp\/v2\/users\/5"}],"replies":[{"embeddable":true,"href":"https:\/\/notinor.com\/jujuy\/wp-json\/wp\/v2\/comments?post=259087"}],"version-history":[{"count":1,"href":"https:\/\/notinor.com\/jujuy\/wp-json\/wp\/v2\/posts\/259087\/revisions"}],"predecessor-version":[{"id":259089,"href":"https:\/\/notinor.com\/jujuy\/wp-json\/wp\/v2\/posts\/259087\/revisions\/259089"}],"wp:featuredmedia":[{"embeddable":true,"href":"https:\/\/notinor.com\/jujuy\/wp-json\/wp\/v2\/media\/259088"}],"wp:attachment":[{"href":"https:\/\/notinor.com\/jujuy\/wp-json\/wp\/v2\/media?parent=259087"}],"wp:term":[{"taxonomy":"category","embeddable":true,"href":"https:\/\/notinor.com\/jujuy\/wp-json\/wp\/v2\/categories?post=259087"},{"taxonomy":"post_tag","embeddable":true,"href":"https:\/\/notinor.com\/jujuy\/wp-json\/wp\/v2\/tags?post=259087"}],"curies":[{"name":"wp","href":"https:\/\/api.w.org\/{rel}","templated":true}]}}