{"id":259076,"date":"2020-08-12T16:18:02","date_gmt":"2020-08-12T19:18:02","guid":{"rendered":"https:\/\/notinor.com\/jujuy\/?p=259076"},"modified":"2020-08-12T16:18:07","modified_gmt":"2020-08-12T19:18:07","slug":"tarifa-de-energia-electrica-con-subsidio-provincial-covid-19-para-actividades-economicas-y-culturales","status":"publish","type":"post","link":"https:\/\/notinor.com\/jujuy\/tarifa-de-energia-electrica-con-subsidio-provincial-covid-19-para-actividades-economicas-y-culturales\/","title":{"rendered":"Tarifa de energ\u00eda el\u00e9ctrica con subsidio provincial covid-19 para actividades econ\u00f3micas y culturales"},"content":{"rendered":"\n<p>La Secretar\u00eda de Energ\u00eda del Ministerio de Infraestructura es la autoridad de aplicaci\u00f3n del decreto 1195-ISPTyV del Gobierno de Jujuy, que cre\u00f3 el Sistema de Tarifa de Energ\u00eda El\u00e9ctrica con Subsidio Provincial COVID-19 para asistir a personas humanas o jur\u00eddicas que desarrollan actividades econ\u00f3micas o culturales que se vieron afectadas en el marco de la emergencia por la pandemia.<\/p>\n\n\n\n<div class=\"wp-block-image\"><figure class=\"aligncenter size-large\"><img decoding=\"async\" loading=\"lazy\" width=\"492\" height=\"480\" src=\"https:\/\/notinor.com\/jujuy\/wp-content\/uploads\/2020\/08\/SUBSIDIO-492x480.jpeg\" alt=\"\" class=\"wp-image-259078\" srcset=\"https:\/\/notinor.com\/jujuy\/wp-content\/uploads\/2020\/08\/SUBSIDIO-492x480.jpeg 492w, https:\/\/notinor.com\/jujuy\/wp-content\/uploads\/2020\/08\/SUBSIDIO-374x365.jpeg 374w, https:\/\/notinor.com\/jujuy\/wp-content\/uploads\/2020\/08\/SUBSIDIO.jpeg 750w\" sizes=\"(max-width: 492px) 100vw, 492px\" \/><\/figure><\/div>\n\n\n\n<p>\u201cEn una primera etapa, se encuentra abierta la convocatoria para jardines maternales, salones de eventos, escuelas art\u00edsticas y culturales, desde las carteras de Desarrollo Econ\u00f3mico y Producci\u00f3n y desde Cultura y Turismo respectivamente, entidades que determinan las personas y actividades beneficiarias. Estamos trabajando en conjunto con los mencionados Ministerios para poder dar cumplimiento progresivamente con los alcances del Decreto. La tarifa de energ\u00eda el\u00e9ctrica con subsidio COVID-19 es un esfuerzo del Estado provincial para asistir a quienes vieron perjudicada su actividad econ\u00f3mica, productiva y medio de vida\u201d,explic\u00f3 Agustina Otaola, directora de Asuntos Legales de la Secretar\u00eda de Energ\u00eda.<\/p>\n\n\n\n<p>El Subsidio Provincial en la tarifa de energ\u00eda el\u00e9ctrica para actividades econ\u00f3micas y culturales afectadas cubre un plazo de seis meses y pretende abarcar el universo de actores culturales y actividades econ\u00f3micas que no pueden ser exceptuadas del cumplimiento del aislamiento social, preventivo y obligatorio en tanto implican la concurrencia de personas.<\/p>\n\n\n\n<p>En cuanto a los beneficiarios, los Ministerios de Cultura y Turismo y de Desarrollo Econ\u00f3mico y Producci\u00f3n son las entidades designadas por el Decreto N\u00b0 1195-ISPTyV para determinar aquellas actividades culturales, econ\u00f3micas y\/o personas jur\u00eddicas o humanas, que ser\u00e1n beneficiarias de la tarifa con subsidio provincial. En ese sentido, los Ministerios est\u00e1n llevando adelante el empadronamiento de entidades y personas.<\/p>\n\n\n\n<p>La Secretar\u00eda de Energ\u00eda, una vez determinado el universo de beneficiarios, intermedia con la empresa prestadora del servicio de energ\u00eda EJE SA para coordinar las acciones necesarias que permitan aplicar el subsidio, mientras que la Superintendencia de Servicios P\u00fablicos (SUSEPU), es la responsable de informar a los beneficiarios los cuadros tarifarios, fiscalizando y verificando el cumplimiento del decreto.<\/p>\n","protected":false},"excerpt":{"rendered":"<p>La Secretar\u00eda de Energ\u00eda del Ministerio de Infraestructura es la autoridad de aplicaci\u00f3n del decreto 1195-ISPTyV del Gobierno de Jujuy, que cre\u00f3 el Sistema de Tarifa de Energ\u00eda El\u00e9ctrica con Subsidio Provincial COVID-19 para asistir a personas humanas o jur\u00eddicas que desarrollan actividades econ\u00f3micas o culturales que se vieron afectadas en el marco de la [&hellip;]<\/p>\n","protected":false},"author":5,"featured_media":259078,"comment_status":"open","ping_status":"open","sticky":false,"template":"","format":"standard","meta":{"_stopmodifiedupdate":false,"_modified_date":"","inline_featured_image":false,"spay_email":"","jetpack_publicize_message":""},"categories":[514],"tags":[],"jetpack_featured_media_url":"https:\/\/notinor.com\/jujuy\/wp-content\/uploads\/2020\/08\/SUBSIDIO.jpeg","jetpack_publicize_connections":[],"_links":{"self":[{"href":"https:\/\/notinor.com\/jujuy\/wp-json\/wp\/v2\/posts\/259076"}],"collection":[{"href":"https:\/\/notinor.com\/jujuy\/wp-json\/wp\/v2\/posts"}],"about":[{"href":"https:\/\/notinor.com\/jujuy\/wp-json\/wp\/v2\/types\/post"}],"author":[{"embeddable":true,"href":"https:\/\/notinor.com\/jujuy\/wp-json\/wp\/v2\/users\/5"}],"replies":[{"embeddable":true,"href":"https:\/\/notinor.com\/jujuy\/wp-json\/wp\/v2\/comments?post=259076"}],"version-history":[{"count":1,"href":"https:\/\/notinor.com\/jujuy\/wp-json\/wp\/v2\/posts\/259076\/revisions"}],"predecessor-version":[{"id":259079,"href":"https:\/\/notinor.com\/jujuy\/wp-json\/wp\/v2\/posts\/259076\/revisions\/259079"}],"wp:featuredmedia":[{"embeddable":true,"href":"https:\/\/notinor.com\/jujuy\/wp-json\/wp\/v2\/media\/259078"}],"wp:attachment":[{"href":"https:\/\/notinor.com\/jujuy\/wp-json\/wp\/v2\/media?parent=259076"}],"wp:term":[{"taxonomy":"category","embeddable":true,"href":"https:\/\/notinor.com\/jujuy\/wp-json\/wp\/v2\/categories?post=259076"},{"taxonomy":"post_tag","embeddable":true,"href":"https:\/\/notinor.com\/jujuy\/wp-json\/wp\/v2\/tags?post=259076"}],"curies":[{"name":"wp","href":"https:\/\/api.w.org\/{rel}","templated":true}]}}