{"id":259063,"date":"2020-08-12T15:25:29","date_gmt":"2020-08-12T18:25:29","guid":{"rendered":"https:\/\/notinor.com\/jujuy\/?p=259063"},"modified":"2020-08-12T15:25:33","modified_gmt":"2020-08-12T18:25:33","slug":"lo-que-se-sabe-hasta-ahora-sobre-la-vacuna-de-oxford","status":"publish","type":"post","link":"https:\/\/notinor.com\/jujuy\/lo-que-se-sabe-hasta-ahora-sobre-la-vacuna-de-oxford\/","title":{"rendered":"Lo que se sabe hasta ahora sobre la vacuna de Oxford"},"content":{"rendered":"\n<p>El presidente Alberto Fern\u00e1ndez anunciar\u00e1 que esta vacuna, llevada adelante junto a AstraZeneca, se producir\u00e1 en Argentina. Los detalles de uno de los ensayos m\u00e1s avanzados y prometedores en la lucha contra el coronavirus.<\/p>\n\n\n\n<p>El mandatario ya se hab\u00eda reunido en julio en la residencia de Olivos con directivos de la empresa farmac\u00e9utica AstraZeneca, que junto a la Universidad de Oxford trabaja en el desarrollo de una vacuna contra el coronavirus. Esta mostr\u00f3 buenos resultados en los ensayos cl\u00ednicos de fase I y II y es una de las investigaciones m\u00e1s avanzadas del mundo.<\/p>\n\n\n\n<figure class=\"wp-block-image size-large\"><img decoding=\"async\" loading=\"lazy\" width=\"778\" height=\"480\" src=\"https:\/\/notinor.com\/jujuy\/wp-content\/uploads\/2020\/08\/vacuna-vacuna-matata-778x480.jpg\" alt=\"\" class=\"wp-image-259054\" srcset=\"https:\/\/notinor.com\/jujuy\/wp-content\/uploads\/2020\/08\/vacuna-vacuna-matata-778x480.jpg 778w, https:\/\/notinor.com\/jujuy\/wp-content\/uploads\/2020\/08\/vacuna-vacuna-matata-592x365.jpg 592w, https:\/\/notinor.com\/jujuy\/wp-content\/uploads\/2020\/08\/vacuna-vacuna-matata-768x474.jpg 768w, https:\/\/notinor.com\/jujuy\/wp-content\/uploads\/2020\/08\/vacuna-vacuna-matata-750x463.jpg 750w, https:\/\/notinor.com\/jujuy\/wp-content\/uploads\/2020\/08\/vacuna-vacuna-matata-1140x703.jpg 1140w, https:\/\/notinor.com\/jujuy\/wp-content\/uploads\/2020\/08\/vacuna-vacuna-matata.jpg 1200w\" sizes=\"(max-width: 778px) 100vw, 778px\" \/><\/figure>\n\n\n\n<p>En esa ocasi\u00f3n, el presidente hab\u00eda expresado su voluntad de garantizar el acceso r\u00e1pido a la vacuna.<\/p>\n\n\n\n<figure class=\"wp-block-image\"><img decoding=\"async\" src=\"https:\/\/www.infobae.com\/new-resizer\/yVVdXhS-uC9bVPHP6iW5h_wKGyM=\/420x236\/filters:format(jpg):quality(85)\/\/cloudfront-us-east-1.images.arcpublishing.com\/infobae\/Q7XEPT4FUREA7AUWT7LWGFX3EU.jpg\" alt=\"El presidente recibi\u00f3 en olivos a directivos de la empresa farmac\u00e9utica AstraZeneca\"\/><\/figure>\n\n\n\n<p>El presidente recibi\u00f3 en olivos a directivos de la empresa farmac\u00e9utica AstraZeneca<\/p>\n\n\n\n<p>Luego de que el ministro de Salud, Gin\u00e9s Gonz\u00e1lez Garc\u00eda, llegara a La Matanza este mediod\u00eda acompa\u00f1ado por el intendente Fernando Espinoza, gener\u00f3 expectativas sobre una novedad que podr\u00eda dar el primer mandatario: \u201cHoy podr\u00eda haber un anuncio mucho m\u00e1s fuerte del Presidente. Esp\u00e9renlo con ansiedad porque va a ser una muy buena noticia\u201d, sostuvo el funcionario.<\/p>\n\n\n\n<p><strong>La vacuna de Oxford<\/strong><\/p>\n\n\n\n<figure class=\"wp-block-image\"><img decoding=\"async\" src=\"https:\/\/www.infobae.com\/new-resizer\/RbpPOaydGovgOVk-U0luN3B-1Mg=\/420x280\/filters:format(jpg):quality(85)\/\/cloudfront-us-east-1.images.arcpublishing.com\/infobae\/R3BBGPICI537MEDTBYQQJKWL7Q.jpg\" alt=\"Las respuestas inmunol\u00f3gicas fueron m\u00e1s elevadas en aquellos que recibieron una segunda dosis REUTERS\/Amanda Perobelli\/File Photo\"\/><\/figure>\n\n\n\n<p>De todos los proyectos para prevenir el COVID-19 se destaca la de oxford,\u00a0 El lunes 20 de julio se dieron a conocer<strong>\u00a0los resultados provisionales<\/strong>\u00a0del ensayo COV001 Fase I \/ II en curso que mostraron que\u00a0<strong>AZD1222 fue tolerado y gener\u00f3 respuestas inmunes s\u00f3lidas contra el virus SARS-CoV-2 en todos los participantes evaluados.<\/strong><\/p>\n\n\n\n<p>Los resultados en the lance\u00a0confirmaron que\u00a0<strong>una dosis \u00fanica de AZD1222 result\u00f3 en un aumento de cuatro veces de los anticuerpos contra la prote\u00edna del pico del virus SARS-CoV-2, en el 95% de los participantes un mes despu\u00e9s de la inyecci\u00f3n.<\/strong>\u00a0En todos los participantes, se indujo una respuesta de c\u00e9lulas T, que alcanz\u00f3 su punto m\u00e1ximo el d\u00eda 14, y se mantuvo dos meses despu\u00e9s de la inyecci\u00f3n.<\/p>\n\n\n\n<p><strong>Estos estudios iniciales confirmaron que la vacuna fue capaz de generar anticuerpos en los seres humanos y no tiene eventos adversos severos<\/strong>. Seg\u00fan los voceros cient\u00edficos de AstraZeneca y los cient\u00edficos de Oxford a&nbsp;<em><strong>Infobae<\/strong><\/em><strong>:&nbsp;<\/strong>\u201cLos datos de fase I \/ II en 1.077 voluntarios adultos sanos entre los 18 y 55 a\u00f1os muestran que la vacuna no condujo a ninguna reacci\u00f3n inesperada y tuvo un perfil de seguridad similar a las vacunas anteriores de este tipo\u201d.<\/p>\n\n\n\n<p><strong>Las respuestas inmunol\u00f3gicas fueron m\u00e1s elevadas en aquellos que recibieron una segunda dosis.&nbsp;<\/strong>\u201cVimos la respuesta inmunol\u00f3gica m\u00e1s fuerte en los 10 participantes que recibieron dos dosis de la vacuna, lo que indica que esta podr\u00eda ser una buena estrategia para la vacunaci\u00f3n\u201d, indic\u00f3 el profesor Andrew Pollard.<img decoding=\"async\" loading=\"lazy\" alt=\"IMAGEN DE ARCHIVO. Peque\u00f1os frascos con dosis de una potencial vacuna contra el nuevo coronavirus y una jeringa en un laboratorio en esta ilustraci\u00f3n. Abril, 2020. REUTERS\/Dado Ruvic\" height=\"453\" src=\"https:\/\/www.infobae.com\/new-resizer\/O02M6M15DZZRhYhVPacMbJv1O5Y=\/420x280\/filters:format(jpg):quality(85)\/\/cloudfront-us-east-1.images.arcpublishing.com\/infobae\/7TT43BSZIIZS2D3TCJMWIP723Y.jpg\" width=\"728\">IMAGEN DE ARCHIVO. Peque\u00f1os frascos con dosis de una potencial vacuna contra el nuevo coronavirus y una jeringa en un laboratorio en esta ilustraci\u00f3n. Abril, 2020. REUTERS\/Dado Ruvic<\/p>\n\n\n\n<p><strong>Lo que demostr\u00f3 entonces la fase I y II de la vacuna Oxford- AstraZeneca es una actividad neutralizante contra el virus SARS-CoV-2, e<\/strong>n el 91% de los participantes un mes despu\u00e9s de la vacunaci\u00f3n; y en el 100% de los participantes, que recibieron una segunda dosis. Los niveles de anticuerpos neutralizantes observados en los participantes que recibieron una o dos dosis estuvieron en un rango similar a los observados en pacientes convalecientes con COVID-19.<\/p>\n\n\n\n<p>El profesor Andrew Pollard, investigador jefe del Ensayo de Vacunas de Oxford en la Universidad de Oxford y coautor del ensayo, dijo: \u201c<strong>Los datos provisionales de Fase I \/ II para nuestra vacuna de coronavirus muestran que la vacuna no condujo a ninguna reacci\u00f3n inesperada y tuvo un perfil de seguridad similar a las vacunas anteriores de este tipo. Las respuestas inmunes observadas despu\u00e9s de la vacunaci\u00f3n est\u00e1n en l\u00ednea con lo que esperamos se asociar\u00e1 con la protecci\u00f3n contra el virus SARS-CoV-2,<\/strong>&nbsp;aunque debemos continuar con nuestro riguroso programa de ensayos cl\u00ednicos para confirmar esto. Vimos la respuesta inmune m\u00e1s fuerte en los participantes que recibieron dos dosis de la vacuna, lo que indica que esta podr\u00eda ser una buena estrategia para la vacunaci\u00f3n \u201c.<\/p>\n\n\n\n<p>Dentro de los efectos adversos incluyeron dolor y sensibilidad en el lugar de la inyecci\u00f3n temporal, dolor de cabeza de leve a moderado, fatiga, escalofr\u00edos, fiebre, malestar y dolor muscular. No se informaron eventos adversos graves con AZD1222, y las reacciones disminuyeron con el uso de paracetamol profil\u00e1ctico, un analg\u00e9sico, y ocurrieron con menos frecuencia despu\u00e9s de una segunda dosis.<\/p>\n\n\n\n<p><strong>AstraZeneca es una de las farmac\u00e9uticas l\u00edderes en la carrera por encontrar una vacuna contra la enfermedad que ha causado m\u00e1s de 600.000 muertes en el mundo, junto con otras compa\u00f1\u00edas que prueban candidatas en ensayos cl\u00ednicos de etapas media y final.\u00a0<\/strong>La firma dijo que una fase III de los ensayos de su vacuna potencial se est\u00e1 llevando a cabo actualmente en Reino Unido, Brasil y Sud\u00e1frica, y que empezar\u00e1 pronto en Estados Unidos.<img decoding=\"async\" loading=\"lazy\" height=\"1843\" width=\"2852\" alt=\"Se trata de la primera vacuna experimental fuera de China que alcanza este punto cr\u00edtico para comprobar su eficacia y seguridad antes de distribuirse en masa. EFE\/Siphiwe Sibeko\/Archivo\n\" src=\"https:\/\/www.infobae.com\/new-resizer\/MFCW6ejtlL99Ru_4ZaMxrQlLsAM=\/420x280\/filters:format(jpg):quality(85)\/\/cloudfront-us-east-1.images.arcpublishing.com\/infobae\/CSELACT5FRFGPNFYFROF33OJ2I.jpg\">Se trata de la primera vacuna experimental fuera de China que alcanza este punto cr&amp;#237;tico para comprobar su eficacia y seguridad antes de distribuirse en masa. EFE\/Siphiwe Sibeko\/Archivo\u201cEl n\u00famero de dosis que ser\u00e1n necesarias post pandemia no lo sabemos por el momento, tampoco si una sola dosis ser\u00e1 suficiente, quiz\u00e1s puede ser as\u00ed en la poblaci\u00f3n joven. Lo ideal ser\u00eda hoy decir que son dos dosis las que aseguran la eficacia de la vacuna\u201d, explic\u00f3 Pascal Soriot, director ejecutivo de AstraZeneca, la multinacional farmac\u00e9utica anglo-sueca en asociaci\u00f3n con la Universidad de Oxford,.\u00a0<\/p>\n\n\n\n<p>Seg\u00fan especific\u00f3 Soriot, \u201cel efecto de la vacuna es medido por un aumento de los anticuerpos y c\u00e9lulas T, generados en la sangre de los voluntarios que se prestaron al experimento se comprob\u00f3 que las personas que recibieron la vacuna llegaron a generar tantos anticuerpos como genera una persona que enferm\u00f3 y se cur\u00f3 de COVID-19\u201d.<\/p>\n\n\n\n<p>FUENTE: Infobae...<\/p>\n","protected":false},"excerpt":{"rendered":"<p>El presidente Alberto Fern\u00e1ndez anunciar\u00e1 que esta vacuna, llevada adelante junto a AstraZeneca, se producir\u00e1 en Argentina. Los detalles de uno de los ensayos m\u00e1s avanzados y prometedores en la lucha contra el coronavirus. El mandatario ya se hab\u00eda reunido en julio en la residencia de Olivos con directivos de la empresa farmac\u00e9utica AstraZeneca, que [&hellip;]<\/p>\n","protected":false},"author":1,"featured_media":259054,"comment_status":"open","ping_status":"open","sticky":false,"template":"","format":"standard","meta":{"_stopmodifiedupdate":false,"_modified_date":"","inline_featured_image":false,"spay_email":"","jetpack_publicize_message":""},"categories":[5],"tags":[],"jetpack_featured_media_url":"https:\/\/notinor.com\/jujuy\/wp-content\/uploads\/2020\/08\/vacuna-vacuna-matata.jpg","jetpack_publicize_connections":[],"_links":{"self":[{"href":"https:\/\/notinor.com\/jujuy\/wp-json\/wp\/v2\/posts\/259063"}],"collection":[{"href":"https:\/\/notinor.com\/jujuy\/wp-json\/wp\/v2\/posts"}],"about":[{"href":"https:\/\/notinor.com\/jujuy\/wp-json\/wp\/v2\/types\/post"}],"author":[{"embeddable":true,"href":"https:\/\/notinor.com\/jujuy\/wp-json\/wp\/v2\/users\/1"}],"replies":[{"embeddable":true,"href":"https:\/\/notinor.com\/jujuy\/wp-json\/wp\/v2\/comments?post=259063"}],"version-history":[{"count":1,"href":"https:\/\/notinor.com\/jujuy\/wp-json\/wp\/v2\/posts\/259063\/revisions"}],"predecessor-version":[{"id":259065,"href":"https:\/\/notinor.com\/jujuy\/wp-json\/wp\/v2\/posts\/259063\/revisions\/259065"}],"wp:featuredmedia":[{"embeddable":true,"href":"https:\/\/notinor.com\/jujuy\/wp-json\/wp\/v2\/media\/259054"}],"wp:attachment":[{"href":"https:\/\/notinor.com\/jujuy\/wp-json\/wp\/v2\/media?parent=259063"}],"wp:term":[{"taxonomy":"category","embeddable":true,"href":"https:\/\/notinor.com\/jujuy\/wp-json\/wp\/v2\/categories?post=259063"},{"taxonomy":"post_tag","embeddable":true,"href":"https:\/\/notinor.com\/jujuy\/wp-json\/wp\/v2\/tags?post=259063"}],"curies":[{"name":"wp","href":"https:\/\/api.w.org\/{rel}","templated":true}]}}