{"id":25844,"date":"2015-05-05T04:48:40","date_gmt":"2015-05-05T07:48:40","guid":{"rendered":"http:\/\/notinor.com\/jujuy\/?p=25844"},"modified":"2015-05-05T04:48:40","modified_gmt":"2015-05-05T07:48:40","slug":"el-movete-cumplio-tres-anos-en-el-b-cuyaya","status":"publish","type":"post","link":"https:\/\/notinor.com\/jujuy\/el-movete-cumplio-tres-anos-en-el-b-cuyaya\/","title":{"rendered":"El \"MOVETE\" cumpli\u00f3 tres a\u00f1os en el B\u00b0 Cuyaya"},"content":{"rendered":"<p>Desde la Direcci\u00f3n de Deporte y Recreaci\u00f3n de la Municipalidad de San Salvador de Jujuy, conjuntamente con vecinos del Barrio Cuyaya de nuestra ciudad, el Movete en Familia festej\u00f3 sus tres a\u00f1os de vida en el Barrio.<\/p>\n<p>&nbsp;<\/p>\n<p>Este \u00a0s\u00e1bado en horas de la tarde, sobre la \u00a0plaza la Tusca del populoso barrio Cuyaya, se celebr\u00f3 junto a los vecinos el aniversario del Movete, que junto al plantel de profesores del \u00e1rea de Deportes recorrieron los diferentes ritmos de baile y gimnasia, pasando por la salsa, la saya \u00a0y carnavalitos\u00a0 a la vez que degustaron alimentos saludables y recibieron obsequios y charlas de prevenci\u00f3n bucal para los m\u00e1s peque\u00f1os.<\/p>\n<p>&nbsp;<\/p>\n<p>En ese marco el Director de Deportes y Recreaci\u00f3n, profesor Jos\u00e9 Crespo, manifest\u00f3 \"es una alegr\u00eda venir aqu\u00ed desde mi \u00e1rea con el programa Movete en familia que llegamos a los barrios y cumpliendo hoy ya tres a\u00f1os en Cuyaya, \u00a0un aniversario donde la gente viene, socializa, hace actividad f\u00edsica junto a la familia; sabemos\u00a0 lo importante que es la hacer gimnasia \u00a0y buscar mantener una alimentaci\u00f3n saludable por eso, hoy estoy agradecido a la gente por participar\u00a0 y por agasajarnos de esta manera, con ensaladas de fruta, y con su presencia\u201d.<\/p>\n<p>&nbsp;<\/p>\n<p>Crespo continu\u00f3 diciendo \u201ccuando el vecino se apropia de un espacio, de un servicio,\u00a0 y se involucra,\u00a0 es bueno, eso nos satisface y si con esto podemos mejorarles su calidad de vida mucho mejor, as\u00ed que el objetivo del municipio est\u00e1 cumplido porque cuando vemos que el vecino est\u00e1 contento es una misi\u00f3n cumplida para nosotros\"; \u00a0en estas actividades tambi\u00e9n participaron \u00a0la direcci\u00f3n de salud y zoonosis que brindaron concejos para los m\u00e1s peque\u00f1os sobre el cuidado bucal y repartieron cepillos de dientes a los ni\u00f1os.<\/p>\n<p>&nbsp;<\/p>\n<p>Cabe recordar que todos los meses el Movete recorre los diferentes barrios de la ciudad, siguiendo la pol\u00edtica de gesti\u00f3n de municipio capitalino sobre descentralizar las actividades; con el objetivo de mejorar la calidad de vida\u00a0 en cada uno de los sectores y de los lugares m\u00e1s rec\u00f3nditos, donde recientemente tambi\u00e9n se incorpor\u00f3 el \u00a0Bailandino, que se sum\u00f3 a la movida familiar propuesta.<\/p>\n","protected":false},"excerpt":{"rendered":"<p>Desde la Direcci\u00f3n de Deporte y Recreaci\u00f3n de la Municipalidad de San Salvador de Jujuy, conjuntamente con vecinos del Barrio Cuyaya de nuestra ciudad, el Movete en Familia festej\u00f3 sus tres a\u00f1os de vida en el Barrio. &nbsp; Este \u00a0s\u00e1bado en horas de la tarde, sobre la \u00a0plaza la Tusca del populoso barrio Cuyaya, se [&hellip;]<\/p>\n","protected":false},"author":1,"featured_media":25845,"comment_status":"open","ping_status":"open","sticky":false,"template":"","format":"standard","meta":{"_stopmodifiedupdate":false,"_modified_date":"","inline_featured_image":false,"spay_email":"","jetpack_publicize_message":""},"categories":[2],"tags":[],"jetpack_featured_media_url":"https:\/\/notinor.com\/jujuy\/wp-content\/uploads\/2015\/05\/2-movete-2.jpg","jetpack_publicize_connections":[],"_links":{"self":[{"href":"https:\/\/notinor.com\/jujuy\/wp-json\/wp\/v2\/posts\/25844"}],"collection":[{"href":"https:\/\/notinor.com\/jujuy\/wp-json\/wp\/v2\/posts"}],"about":[{"href":"https:\/\/notinor.com\/jujuy\/wp-json\/wp\/v2\/types\/post"}],"author":[{"embeddable":true,"href":"https:\/\/notinor.com\/jujuy\/wp-json\/wp\/v2\/users\/1"}],"replies":[{"embeddable":true,"href":"https:\/\/notinor.com\/jujuy\/wp-json\/wp\/v2\/comments?post=25844"}],"version-history":[{"count":1,"href":"https:\/\/notinor.com\/jujuy\/wp-json\/wp\/v2\/posts\/25844\/revisions"}],"predecessor-version":[{"id":25846,"href":"https:\/\/notinor.com\/jujuy\/wp-json\/wp\/v2\/posts\/25844\/revisions\/25846"}],"wp:featuredmedia":[{"embeddable":true,"href":"https:\/\/notinor.com\/jujuy\/wp-json\/wp\/v2\/media\/25845"}],"wp:attachment":[{"href":"https:\/\/notinor.com\/jujuy\/wp-json\/wp\/v2\/media?parent=25844"}],"wp:term":[{"taxonomy":"category","embeddable":true,"href":"https:\/\/notinor.com\/jujuy\/wp-json\/wp\/v2\/categories?post=25844"},{"taxonomy":"post_tag","embeddable":true,"href":"https:\/\/notinor.com\/jujuy\/wp-json\/wp\/v2\/tags?post=25844"}],"curies":[{"name":"wp","href":"https:\/\/api.w.org\/{rel}","templated":true}]}}