{"id":25841,"date":"2015-05-05T04:46:02","date_gmt":"2015-05-05T07:46:02","guid":{"rendered":"http:\/\/notinor.com\/jujuy\/?p=25841"},"modified":"2015-05-05T09:00:08","modified_gmt":"2015-05-05T12:00:08","slug":"la-municipalidad-capitalina-incorporo-un-nuevo-camion-compactador-0-km","status":"publish","type":"post","link":"https:\/\/notinor.com\/jujuy\/la-municipalidad-capitalina-incorporo-un-nuevo-camion-compactador-0-km\/","title":{"rendered":"La Municipalidad capitalina incorpor\u00f3 un nuevo cami\u00f3n compactador 0 Km"},"content":{"rendered":"<p>En la oportunidad acompa\u00f1aron al Intendente Jorge los Secretarios de Coordinaci\u00f3n de Gabinete y de Servicios P\u00fablicos, Dr. Ekel Meyer y Guillermo Marenco respectivamente, y el Director General de Higiene Urbana, Ing. Marcelo Molina.<\/p>\n<p>Consultado al respecto, el Intendente Ra\u00fal Jorge destac\u00f3 el esfuerzo del municipio capitalino en la adquisici\u00f3n de esta unidad \u201cse lo debemos a nuestros empleados y fundamentalmente a la ciudad\u201d.<\/p>\n<p>\u201cEsta unidad va a permitir acumular 21m3 de material, a diferencia del cami\u00f3n que est\u00e1 reemplazando que era de 16 m3, para ofrecer un servicio m\u00e1s efectivo. Es una unidad acorde a estos tiempos, con toda la tecnolog\u00eda, para mejorar tambi\u00e9n el servicio de recolecci\u00f3n de residuos por parte del municipio\u201d-continu\u00f3 el Intendente Jorge.<\/p>\n<p>Por su parte, el Secretario de Servicios P\u00fablicos, Guillermo Marenco, se refiri\u00f3 al Plan de Equipamiento de la Municipalidad de San Salvador de Jujuy \u201cse trata del equipo m\u00f3vil, como viene anunciando el Intendente Jorge, seguimos cumpliendo con el \u00e1rea de servicios\u201d.<\/p>\n<p>\u201cD\u00edas pasados se incorpor\u00f3 una unidad con destino a la Direcci\u00f3n General de Tr\u00e1nsito y Transporte y hoy con mucho benepl\u00e1cito, estamos haciendo entrega de una unidad Mercedes Benz 0Km equipada con caja compactadora de 21 cubos de capacidad, que alberga aproximadamente 16 toneladas de carga, que vendr\u00e1 a prestar un gran servicio, mejorando la recolecci\u00f3n que reclama la ciudad\u201d.<\/p>\n<p>Si bien se viene cumpliendo con este importante servicio \u201centendemos que la ciudad que est\u00e1 m\u00e1s limpia es la que menos se ensucia y vamos a seguir aportando calidad en la prestaci\u00f3n de servicio con este equipamiento\u201d.<\/p>\n<p>En tanto el Director General de Higiene Urbana, Ing. Marcelo Molina detall\u00f3 sobre la nueva incorporaci\u00f3n al parque automotor de la dependencia citada \u201cse trata de un cami\u00f3n compactador para una mejor prestaci\u00f3n de servicio, con una capacidad superior a la que estamos utilizando actualmente\u201d.<\/p>\n<p>\u201cTiene 21 cubos de capacidad, que nos permitir\u00e1 ampliar las rutas de recolecci\u00f3n, otorgando una mayor prestaci\u00f3n de servicio en la ciudad\u201d.<\/p>\n<p>\u201cVamos a afianzar las rutas o los circuitos que har\u00e1 este cami\u00f3n, debido a su mayor capacidad de carga. Esto se logr\u00f3 merced a la gesti\u00f3n desde la Secretar\u00eda de Servicios P\u00fablicos, ante el Intendente Ra\u00fal Jorge, dentro del marco de incorporaci\u00f3n de nuevas unidades al parque automotor de distintas dependencias\u201d.<\/p>\n<p>Aclar\u00f3 por su parte que en los pr\u00f3ximos meses seguramente habr\u00e1 nuevas incorporaciones para la mejor prestaci\u00f3n de servicios en general.<\/p>\n","protected":false},"excerpt":{"rendered":"<p>En la oportunidad acompa\u00f1aron al Intendente Jorge los Secretarios de Coordinaci\u00f3n de Gabinete y de Servicios P\u00fablicos, Dr. Ekel Meyer y Guillermo Marenco respectivamente, y el Director General de Higiene Urbana, Ing. Marcelo Molina. Consultado al respecto, el Intendente Ra\u00fal Jorge destac\u00f3 el esfuerzo del municipio capitalino en la adquisici\u00f3n de esta unidad \u201cse lo [&hellip;]<\/p>\n","protected":false},"author":1,"featured_media":25842,"comment_status":"open","ping_status":"open","sticky":false,"template":"","format":"standard","meta":{"_stopmodifiedupdate":false,"_modified_date":"","inline_featured_image":false,"spay_email":"","jetpack_publicize_message":""},"categories":[490],"tags":[],"jetpack_featured_media_url":"https:\/\/notinor.com\/jujuy\/wp-content\/uploads\/2015\/05\/1-presentacion-nuevo-camion.jpg","jetpack_publicize_connections":[],"_links":{"self":[{"href":"https:\/\/notinor.com\/jujuy\/wp-json\/wp\/v2\/posts\/25841"}],"collection":[{"href":"https:\/\/notinor.com\/jujuy\/wp-json\/wp\/v2\/posts"}],"about":[{"href":"https:\/\/notinor.com\/jujuy\/wp-json\/wp\/v2\/types\/post"}],"author":[{"embeddable":true,"href":"https:\/\/notinor.com\/jujuy\/wp-json\/wp\/v2\/users\/1"}],"replies":[{"embeddable":true,"href":"https:\/\/notinor.com\/jujuy\/wp-json\/wp\/v2\/comments?post=25841"}],"version-history":[{"count":3,"href":"https:\/\/notinor.com\/jujuy\/wp-json\/wp\/v2\/posts\/25841\/revisions"}],"predecessor-version":[{"id":25862,"href":"https:\/\/notinor.com\/jujuy\/wp-json\/wp\/v2\/posts\/25841\/revisions\/25862"}],"wp:featuredmedia":[{"embeddable":true,"href":"https:\/\/notinor.com\/jujuy\/wp-json\/wp\/v2\/media\/25842"}],"wp:attachment":[{"href":"https:\/\/notinor.com\/jujuy\/wp-json\/wp\/v2\/media?parent=25841"}],"wp:term":[{"taxonomy":"category","embeddable":true,"href":"https:\/\/notinor.com\/jujuy\/wp-json\/wp\/v2\/categories?post=25841"},{"taxonomy":"post_tag","embeddable":true,"href":"https:\/\/notinor.com\/jujuy\/wp-json\/wp\/v2\/tags?post=25841"}],"curies":[{"name":"wp","href":"https:\/\/api.w.org\/{rel}","templated":true}]}}