{"id":25837,"date":"2015-05-05T00:29:32","date_gmt":"2015-05-05T03:29:32","guid":{"rendered":"http:\/\/notinor.com\/jujuy\/?p=25837"},"modified":"2015-05-05T04:39:17","modified_gmt":"2015-05-05T07:39:17","slug":"el-dia-de-jujuy-se-presento-en-la-feria-del-libro-en-buenos-aires","status":"publish","type":"post","link":"https:\/\/notinor.com\/jujuy\/el-dia-de-jujuy-se-presento-en-la-feria-del-libro-en-buenos-aires\/","title":{"rendered":"El D\u00eda de Jujuy se presento en la Feria del libro en Buenos Aires"},"content":{"rendered":"<p>Las expresiones culturales y art\u00edsticas de Jujuy tienen en la 41\u00ba de la Feria Internacional del libro, que se desarrolla en Buenos Aires, un escenario privilegiado para mostrar rasgos de identidad y del ser juje\u00f1o.<\/p>\n<p>&nbsp;<\/p>\n<p>El stand juje\u00f1o es uno de lo m\u00e1s originales y llamativos por su puesta en escena del homenaje a los 60 a\u00f1os de Tarja.<\/p>\n<p><a href=\"http:\/\/notinor.com\/jujuy\/wp-content\/uploads\/2015\/05\/libro_17941.jpg\"><img decoding=\"async\" loading=\"lazy\" class=\"alignnone  wp-image-25839\" src=\"http:\/\/notinor.com\/jujuy\/wp-content\/uploads\/2015\/05\/libro_17941.jpg\" alt=\"libro_17941\" width=\"479\" height=\"359\" srcset=\"https:\/\/notinor.com\/jujuy\/wp-content\/uploads\/2015\/05\/libro_17941.jpg 800w, https:\/\/notinor.com\/jujuy\/wp-content\/uploads\/2015\/05\/libro_17941-300x225.jpg 300w\" sizes=\"(max-width: 479px) 100vw, 479px\" \/><\/a> <a href=\"http:\/\/notinor.com\/jujuy\/wp-content\/uploads\/2015\/05\/libro_17940.jpg\"><img decoding=\"async\" loading=\"lazy\" class=\"alignnone  wp-image-25838\" src=\"http:\/\/notinor.com\/jujuy\/wp-content\/uploads\/2015\/05\/libro_17940.jpg\" alt=\"libro_17940\" width=\"471\" height=\"353\" srcset=\"https:\/\/notinor.com\/jujuy\/wp-content\/uploads\/2015\/05\/libro_17940.jpg 800w, https:\/\/notinor.com\/jujuy\/wp-content\/uploads\/2015\/05\/libro_17940-300x225.jpg 300w\" sizes=\"(max-width: 471px) 100vw, 471px\" \/><\/a><\/p>\n<p>Cabe recordar que el \u201cD\u00eda de Jujuy\u201d se concret\u00f3\u00a0 el 3 de mayo\u00a0 y se present\u00f3 un espect\u00e1culo po\u00e9tico-musical con la actuaci\u00f3n de los artistas Mar\u00eda del Carmen Eche\u00f1ique, Micaela Chauque y Tukuta Gordillo, quienes trabajaron sobre los textos de las revistas Tarja compilados por Lucas Perassi.<\/p>\n<p>&nbsp;<\/p>\n<p>Adem\u00e1s se realiz\u00f3 la exposici\u00f3n de Sergio Sago y Jorge Calveti que fue el encargado de contar sobre los 60 a\u00f1os de la revista Tarja que marc\u00f3 un hito fundacional en la literatura de Jujuy y que tambi\u00e9n tuvo como autores a N\u00e9stor Groppa, Andr\u00e9s Fidalgo, Mario Busignani y el pintor Medardo Pantoja.<\/p>\n","protected":false},"excerpt":{"rendered":"<p>Las expresiones culturales y art\u00edsticas de Jujuy tienen en la 41\u00ba de la Feria Internacional del libro, que se desarrolla en Buenos Aires, un escenario privilegiado para mostrar rasgos de identidad y del ser juje\u00f1o. &nbsp; El stand juje\u00f1o es uno de lo m\u00e1s originales y llamativos por su puesta en escena del homenaje a [&hellip;]<\/p>\n","protected":false},"author":1,"featured_media":25838,"comment_status":"open","ping_status":"open","sticky":false,"template":"","format":"standard","meta":{"_stopmodifiedupdate":false,"_modified_date":"","inline_featured_image":false,"spay_email":"","jetpack_publicize_message":""},"categories":[17],"tags":[],"jetpack_featured_media_url":"https:\/\/notinor.com\/jujuy\/wp-content\/uploads\/2015\/05\/libro_17940.jpg","jetpack_publicize_connections":[],"_links":{"self":[{"href":"https:\/\/notinor.com\/jujuy\/wp-json\/wp\/v2\/posts\/25837"}],"collection":[{"href":"https:\/\/notinor.com\/jujuy\/wp-json\/wp\/v2\/posts"}],"about":[{"href":"https:\/\/notinor.com\/jujuy\/wp-json\/wp\/v2\/types\/post"}],"author":[{"embeddable":true,"href":"https:\/\/notinor.com\/jujuy\/wp-json\/wp\/v2\/users\/1"}],"replies":[{"embeddable":true,"href":"https:\/\/notinor.com\/jujuy\/wp-json\/wp\/v2\/comments?post=25837"}],"version-history":[{"count":1,"href":"https:\/\/notinor.com\/jujuy\/wp-json\/wp\/v2\/posts\/25837\/revisions"}],"predecessor-version":[{"id":25840,"href":"https:\/\/notinor.com\/jujuy\/wp-json\/wp\/v2\/posts\/25837\/revisions\/25840"}],"wp:featuredmedia":[{"embeddable":true,"href":"https:\/\/notinor.com\/jujuy\/wp-json\/wp\/v2\/media\/25838"}],"wp:attachment":[{"href":"https:\/\/notinor.com\/jujuy\/wp-json\/wp\/v2\/media?parent=25837"}],"wp:term":[{"taxonomy":"category","embeddable":true,"href":"https:\/\/notinor.com\/jujuy\/wp-json\/wp\/v2\/categories?post=25837"},{"taxonomy":"post_tag","embeddable":true,"href":"https:\/\/notinor.com\/jujuy\/wp-json\/wp\/v2\/tags?post=25837"}],"curies":[{"name":"wp","href":"https:\/\/api.w.org\/{rel}","templated":true}]}}