{"id":25834,"date":"2015-05-05T04:28:28","date_gmt":"2015-05-05T07:28:28","guid":{"rendered":"http:\/\/notinor.com\/jujuy\/?p=25834"},"modified":"2015-05-05T04:28:28","modified_gmt":"2015-05-05T07:28:28","slug":"conmemoraron-el-dia-internacional-del-combatiente-de-incendios-forestales","status":"publish","type":"post","link":"https:\/\/notinor.com\/jujuy\/conmemoraron-el-dia-internacional-del-combatiente-de-incendios-forestales\/","title":{"rendered":"Conmemoraron el \u201cD\u00eda internacional del combatiente de incendios forestales\u201d"},"content":{"rendered":"<p>En la Secretar\u00eda de Gesti\u00f3n Ambiental se otorgaron certificados a brigadistas que participaron de diferentes operativos de emergencia en nuestro pa\u00eds, pa\u00edses vecinos y en la provincia. Adem\u00e1s en el contexto de la celebraci\u00f3n por el \"D\u00eda Internacional del Combatiente de Incendios Forestales\" se realiz\u00f3 la entrega de una motocicleta para apoyar las tareas en prevenci\u00f3n ambiental.<\/p>\n<p>&nbsp;<\/p>\n<p>En este marco, la Secretar\u00eda de Gesti\u00f3n Ambiental reconoci\u00f3 la tarea de los combatientes de incendios forestales de Jujuy, con un acto del que participaron la titular de esa cartera, Mar\u00eda Elina Dom\u00ednguez, los directores provinciales de Desarrollo Sustentable, de Calidad Ambiental y de Biodiversidad, Mat\u00edas Mori, Ricardo Centeno y Silvana S\u00e1nchez, respectivamentey dem\u00e1s funcionarios del \u00e1rea.<\/p>\n<p>&nbsp;<\/p>\n<p>En la oportunidad, se procedi\u00f3 a la entrega de certificados a los brigadistas que realizaron tareas de combate en l\u00ednea y contribuyeron a contrarrestar los da\u00f1os materiales y ambientales en la regi\u00f3n de La Araucan\u00eda, localidad de Temuco, Chile, y en las zonas de El Hoyo, Epuy\u00e9n, Parque Nacional Los Alerces y Lago Puego, Provincia de Chubut, Argentina; y a quienes participaron del operativo especialmente diagramado con motivo de la peregrinaci\u00f3n a la Virgen de Punta Corral. Adem\u00e1s, se hizo entrega una motocicleta, en pos de optimizar los servicios brindados por dicha Direcci\u00f3n.<\/p>\n<p>&nbsp;<\/p>\n","protected":false},"excerpt":{"rendered":"<p>En la Secretar\u00eda de Gesti\u00f3n Ambiental se otorgaron certificados a brigadistas que participaron de diferentes operativos de emergencia en nuestro pa\u00eds, pa\u00edses vecinos y en la provincia. Adem\u00e1s en el contexto de la celebraci\u00f3n por el \"D\u00eda Internacional del Combatiente de Incendios Forestales\" se realiz\u00f3 la entrega de una motocicleta para apoyar las tareas en [&hellip;]<\/p>\n","protected":false},"author":1,"featured_media":25835,"comment_status":"open","ping_status":"open","sticky":false,"template":"","format":"standard","meta":{"_stopmodifiedupdate":false,"_modified_date":"","inline_featured_image":false,"spay_email":"","jetpack_publicize_message":""},"categories":[2],"tags":[],"jetpack_featured_media_url":"https:\/\/notinor.com\/jujuy\/wp-content\/uploads\/2015\/05\/re_17925.jpg","jetpack_publicize_connections":[],"_links":{"self":[{"href":"https:\/\/notinor.com\/jujuy\/wp-json\/wp\/v2\/posts\/25834"}],"collection":[{"href":"https:\/\/notinor.com\/jujuy\/wp-json\/wp\/v2\/posts"}],"about":[{"href":"https:\/\/notinor.com\/jujuy\/wp-json\/wp\/v2\/types\/post"}],"author":[{"embeddable":true,"href":"https:\/\/notinor.com\/jujuy\/wp-json\/wp\/v2\/users\/1"}],"replies":[{"embeddable":true,"href":"https:\/\/notinor.com\/jujuy\/wp-json\/wp\/v2\/comments?post=25834"}],"version-history":[{"count":1,"href":"https:\/\/notinor.com\/jujuy\/wp-json\/wp\/v2\/posts\/25834\/revisions"}],"predecessor-version":[{"id":25836,"href":"https:\/\/notinor.com\/jujuy\/wp-json\/wp\/v2\/posts\/25834\/revisions\/25836"}],"wp:featuredmedia":[{"embeddable":true,"href":"https:\/\/notinor.com\/jujuy\/wp-json\/wp\/v2\/media\/25835"}],"wp:attachment":[{"href":"https:\/\/notinor.com\/jujuy\/wp-json\/wp\/v2\/media?parent=25834"}],"wp:term":[{"taxonomy":"category","embeddable":true,"href":"https:\/\/notinor.com\/jujuy\/wp-json\/wp\/v2\/categories?post=25834"},{"taxonomy":"post_tag","embeddable":true,"href":"https:\/\/notinor.com\/jujuy\/wp-json\/wp\/v2\/tags?post=25834"}],"curies":[{"name":"wp","href":"https:\/\/api.w.org\/{rel}","templated":true}]}}