{"id":25831,"date":"2015-05-05T04:10:57","date_gmt":"2015-05-05T07:10:57","guid":{"rendered":"http:\/\/notinor.com\/jujuy\/?p=25831"},"modified":"2015-05-05T04:10:57","modified_gmt":"2015-05-05T07:10:57","slug":"pintores-jujenos-presentaron-sus-obras-en-paris","status":"publish","type":"post","link":"https:\/\/notinor.com\/jujuy\/pintores-jujenos-presentaron-sus-obras-en-paris\/","title":{"rendered":"Pintores juje\u00f1os presentaron sus obras en Par\u00eds"},"content":{"rendered":"<p>En el marco de la \u201cSemana de Jujuy en Par\u00eds\u201d, los pintores Ariel Cortez, Froil\u00e1n Colque y Juan Manuel Taritolay presentaron sus obras en la Embajada Argentina en Francia.<\/p>\n<p style=\"text-align: center;\">\u00a0<a href=\"http:\/\/notinor.com\/jujuy\/wp-content\/uploads\/2015\/05\/ariel-cortes-fue-uno-de-los-artistas-que-expusieron-sus-obras-en-francia_17889.jpg\"><img decoding=\"async\" loading=\"lazy\" class=\"alignnone  wp-image-25832\" src=\"http:\/\/notinor.com\/jujuy\/wp-content\/uploads\/2015\/05\/ariel-cortes-fue-uno-de-los-artistas-que-expusieron-sus-obras-en-francia_17889.jpg\" alt=\"ariel-cortes-fue-uno-de-los-artistas-que-expusieron-sus-obras-en-francia_17889\" width=\"531\" height=\"398\" srcset=\"https:\/\/notinor.com\/jujuy\/wp-content\/uploads\/2015\/05\/ariel-cortes-fue-uno-de-los-artistas-que-expusieron-sus-obras-en-francia_17889.jpg 800w, https:\/\/notinor.com\/jujuy\/wp-content\/uploads\/2015\/05\/ariel-cortes-fue-uno-de-los-artistas-que-expusieron-sus-obras-en-francia_17889-300x225.jpg 300w\" sizes=\"(max-width: 531px) 100vw, 531px\" \/><\/a><\/p>\n<p>La presentaci\u00f3n estuvo organizada por la Canciller\u00eda Argentina y el Gobierno de Jujuy, a trav\u00e9s de la Secretaria de Integraci\u00f3n Regional y de Relaciones Internacionales.<\/p>\n<p>&nbsp;<\/p>\n<p>La presencia de estos artistas permite poner en valor nuestras obras pl\u00e1sticas y el arte juje\u00f1o en uno de los centros culturales m\u00e1s importantes del mundo.<\/p>\n<p>&nbsp;<\/p>\n<p>El acto de inauguraci\u00f3n cont\u00f3 con la presencia de la Embajadora Argentina en Francia, Mar\u00eda del Carmen Squeff; la Secretaria de Integraci\u00f3n Regional y Relaciones Internacionales, Carolina Mois\u00e9s; el agregado comercial, Leonardo Constantino y una gran cantidad de p\u00fablico local adem\u00e1s de la comunidad argentina que reside en aquella ciudad.<\/p>\n<p>&nbsp;<\/p>\n<p>Al respecto, Carolina Mois\u00e9s afirm\u00f3 que \"este es un sue\u00f1o que hicimos realidad con el esfuerzo de las Instituciones que acompa\u00f1aron el proyecto desde un principio y por el apoyo incondicional del Gobernador de la Provincia, Eduardo Fellner, nuestra Embajadora y nuestro Canciller, funcionarios y miembros de la delegaci\u00f3n Argentina, a quienes agradezco profundamente\u201d.<\/p>\n<p>&nbsp;<\/p>\n<p>\u201cEs el sue\u00f1o de mostrar lo mejor de Jujuy al mundo\u201d expres\u00f3 Mois\u00e9s y agreg\u00f3 que esto significa \u201ctraer a Europa una pedacito de la Patria Grande que es Am\u00e9rica Latina\u201d donde la pintura se traduce en un lenguaje universal que refleja los sentimientos y emociones propios de nuestra tierra.<\/p>\n<p>&nbsp;<\/p>\n<p>Por su parte, la Embajadora Squeff indic\u00f3 que la presentaci\u00f3n \"forma parte del Programa las Provincias en el exterior\" que promueve la presencia internacional del interior del pa\u00eds en el mundo\u201d.<\/p>\n<p>&nbsp;<\/p>\n<p>\u201cPara nosotros es una experiencia nueva, ya que es la primera vez que lo hacemos y estamos orgullosos de lo que muestra esta hermosa Provincia. Gracias a los pintores que nos han tra\u00eddo tanto color y energ\u00eda en obras que transmiten el realismo m\u00e1gico que hace tan especial a su Provincia\", dijo la diplom\u00e1tica argentina.<\/p>\n<p>&nbsp;<\/p>\n<p>Finalmente, el pintor Ariel Cortez explic\u00f3 a los presentes el sentido de las obras que fueron recibidas con mucho entusiasmo por el p\u00fablico parisino, recibiendo propuestas de compra en varios cuadros y de futuras intervenciones en Francia.<\/p>\n","protected":false},"excerpt":{"rendered":"<p>En el marco de la \u201cSemana de Jujuy en Par\u00eds\u201d, los pintores Ariel Cortez, Froil\u00e1n Colque y Juan Manuel Taritolay presentaron sus obras en la Embajada Argentina en Francia. \u00a0 La presentaci\u00f3n estuvo organizada por la Canciller\u00eda Argentina y el Gobierno de Jujuy, a trav\u00e9s de la Secretaria de Integraci\u00f3n Regional y de Relaciones Internacionales. [&hellip;]<\/p>\n","protected":false},"author":1,"featured_media":25832,"comment_status":"open","ping_status":"open","sticky":false,"template":"","format":"standard","meta":{"_stopmodifiedupdate":false,"_modified_date":"","inline_featured_image":false,"spay_email":"","jetpack_publicize_message":""},"categories":[17],"tags":[],"jetpack_featured_media_url":"https:\/\/notinor.com\/jujuy\/wp-content\/uploads\/2015\/05\/ariel-cortes-fue-uno-de-los-artistas-que-expusieron-sus-obras-en-francia_17889.jpg","jetpack_publicize_connections":[],"_links":{"self":[{"href":"https:\/\/notinor.com\/jujuy\/wp-json\/wp\/v2\/posts\/25831"}],"collection":[{"href":"https:\/\/notinor.com\/jujuy\/wp-json\/wp\/v2\/posts"}],"about":[{"href":"https:\/\/notinor.com\/jujuy\/wp-json\/wp\/v2\/types\/post"}],"author":[{"embeddable":true,"href":"https:\/\/notinor.com\/jujuy\/wp-json\/wp\/v2\/users\/1"}],"replies":[{"embeddable":true,"href":"https:\/\/notinor.com\/jujuy\/wp-json\/wp\/v2\/comments?post=25831"}],"version-history":[{"count":1,"href":"https:\/\/notinor.com\/jujuy\/wp-json\/wp\/v2\/posts\/25831\/revisions"}],"predecessor-version":[{"id":25833,"href":"https:\/\/notinor.com\/jujuy\/wp-json\/wp\/v2\/posts\/25831\/revisions\/25833"}],"wp:featuredmedia":[{"embeddable":true,"href":"https:\/\/notinor.com\/jujuy\/wp-json\/wp\/v2\/media\/25832"}],"wp:attachment":[{"href":"https:\/\/notinor.com\/jujuy\/wp-json\/wp\/v2\/media?parent=25831"}],"wp:term":[{"taxonomy":"category","embeddable":true,"href":"https:\/\/notinor.com\/jujuy\/wp-json\/wp\/v2\/categories?post=25831"},{"taxonomy":"post_tag","embeddable":true,"href":"https:\/\/notinor.com\/jujuy\/wp-json\/wp\/v2\/tags?post=25831"}],"curies":[{"name":"wp","href":"https:\/\/api.w.org\/{rel}","templated":true}]}}