{"id":25680,"date":"2015-05-03T21:31:18","date_gmt":"2015-05-04T00:31:18","guid":{"rendered":"http:\/\/notinor.com\/jujuy\/?p=25680"},"modified":"2015-05-03T21:31:18","modified_gmt":"2015-05-04T00:31:18","slug":"en-san-pedro-se-entregaron-pensiones-no-contributivas","status":"publish","type":"post","link":"https:\/\/notinor.com\/jujuy\/en-san-pedro-se-entregaron-pensiones-no-contributivas\/","title":{"rendered":"En San Pedro se entregaron pensiones no contributivas"},"content":{"rendered":"<div><a href=\"http:\/\/notinor.com\/jujuy\/wp-content\/uploads\/2015\/05\/04.jpg\"><img decoding=\"async\" loading=\"lazy\" class=\"alignnone size-medium wp-image-25681\" src=\"http:\/\/notinor.com\/jujuy\/wp-content\/uploads\/2015\/05\/04-300x225.jpg\" alt=\"04\" width=\"300\" height=\"225\" srcset=\"https:\/\/notinor.com\/jujuy\/wp-content\/uploads\/2015\/05\/04-300x225.jpg 300w, https:\/\/notinor.com\/jujuy\/wp-content\/uploads\/2015\/05\/04.jpg 800w\" sizes=\"(max-width: 300px) 100vw, 300px\" \/><\/a><\/div>\n<div>De la ceremonia, cumplida en el Palacio Municipal, participaron el presidente del Concejo Deliberante local, a cargo interinamente del Ejecutivo municipal, Javier Jurado; la jefa de Gabinete Municipal, Lic. Graciela Mois\u00e9s; y la coordinadora de la Tercera Edad, Alcira Torres.<\/div>\n<div>En su alocuci\u00f3n, Graciela Mois\u00e9s inform\u00f3 que con estas pensiones se super\u00f3 la entrega de m\u00e1s de 1100 beneficios a familias que realmente lo necesitaban, cubriendo con esta ayuda a vecinos de Lote el Puesto, El Acheral, Rodeito, Santa Clara y de la ciudad de San Pedro.<\/div>\n<div>Tambi\u00e9n record\u00f3 que el m\u00f3vil de Documentaci\u00f3n R\u00e1pida que se instal\u00f3 frente a la sede municipal dio respuestas a m\u00e1s de 300 personas durante los dos d\u00edas de operatoria, y que desde el municipio se ha gestionado la llegada a San Pedro del Cami\u00f3n de Documentaci\u00f3n R\u00e1pida (C.D.R), que tiene una mayor capacidad para solucionar el tr\u00e1mite de manera m\u00e1s eficaz. Aclar\u00f3 adem\u00e1s que en los pr\u00f3ximos d\u00edas se dar\u00e1 a conocer el cronograma de atenci\u00f3n del mismo.<\/div>\n<div>Por su parte, Javier Jurado, felicit\u00f3 a todos los beneficiarios y agradeci\u00f3 al intendente Julio Mois\u00e9s por estas acciones. \u201cEsto quiere decir que es un intendente que gestiona, que est\u00e1, \u00a0que nos obliga diariamente a trabajar a todos los que somos funcionarios con la misma fuerza. Este es el resultado del trabajo arduo que hace una oficina, y el compromiso de muchos funcionarios de \u00e9sta gesti\u00f3n de gobierno, por eso les deseo toda la suerte del mundo en nombre del Doctor Mois\u00e9s\u201d.-<\/div>\n","protected":false},"excerpt":{"rendered":"<p>De la ceremonia, cumplida en el Palacio Municipal, participaron el presidente del Concejo Deliberante local, a cargo interinamente del Ejecutivo municipal, Javier Jurado; la jefa de Gabinete Municipal, Lic. Graciela Mois\u00e9s; y la coordinadora de la Tercera Edad, Alcira Torres. En su alocuci\u00f3n, Graciela Mois\u00e9s inform\u00f3 que con estas pensiones se super\u00f3 la entrega de [&hellip;]<\/p>\n","protected":false},"author":1,"featured_media":25681,"comment_status":"open","ping_status":"open","sticky":false,"template":"","format":"standard","meta":{"_stopmodifiedupdate":false,"_modified_date":"","inline_featured_image":false,"spay_email":"","jetpack_publicize_message":""},"categories":[4],"tags":[],"jetpack_featured_media_url":"https:\/\/notinor.com\/jujuy\/wp-content\/uploads\/2015\/05\/04.jpg","jetpack_publicize_connections":[],"_links":{"self":[{"href":"https:\/\/notinor.com\/jujuy\/wp-json\/wp\/v2\/posts\/25680"}],"collection":[{"href":"https:\/\/notinor.com\/jujuy\/wp-json\/wp\/v2\/posts"}],"about":[{"href":"https:\/\/notinor.com\/jujuy\/wp-json\/wp\/v2\/types\/post"}],"author":[{"embeddable":true,"href":"https:\/\/notinor.com\/jujuy\/wp-json\/wp\/v2\/users\/1"}],"replies":[{"embeddable":true,"href":"https:\/\/notinor.com\/jujuy\/wp-json\/wp\/v2\/comments?post=25680"}],"version-history":[{"count":1,"href":"https:\/\/notinor.com\/jujuy\/wp-json\/wp\/v2\/posts\/25680\/revisions"}],"predecessor-version":[{"id":25682,"href":"https:\/\/notinor.com\/jujuy\/wp-json\/wp\/v2\/posts\/25680\/revisions\/25682"}],"wp:featuredmedia":[{"embeddable":true,"href":"https:\/\/notinor.com\/jujuy\/wp-json\/wp\/v2\/media\/25681"}],"wp:attachment":[{"href":"https:\/\/notinor.com\/jujuy\/wp-json\/wp\/v2\/media?parent=25680"}],"wp:term":[{"taxonomy":"category","embeddable":true,"href":"https:\/\/notinor.com\/jujuy\/wp-json\/wp\/v2\/categories?post=25680"},{"taxonomy":"post_tag","embeddable":true,"href":"https:\/\/notinor.com\/jujuy\/wp-json\/wp\/v2\/tags?post=25680"}],"curies":[{"name":"wp","href":"https:\/\/api.w.org\/{rel}","templated":true}]}}