{"id":25676,"date":"2015-05-03T21:27:12","date_gmt":"2015-05-04T00:27:12","guid":{"rendered":"http:\/\/notinor.com\/jujuy\/?p=25676"},"modified":"2015-05-03T21:27:12","modified_gmt":"2015-05-04T00:27:12","slug":"acciones-para-todos-los-barrios-con-el-plan-hogar","status":"publish","type":"post","link":"https:\/\/notinor.com\/jujuy\/acciones-para-todos-los-barrios-con-el-plan-hogar\/","title":{"rendered":"Acciones para todos los barrios con el Plan Hogar"},"content":{"rendered":"<div>La operatoria, de recepci\u00f3n de solicitudes, est\u00e1 a cargo de la UDAI San Pedro de ANSES, aunque el apoyo log\u00edstico del organismo municipal es primordial para que los objetivos y el esp\u00edritu del beneficio social se cumplan, conforme adem\u00e1s a la premisa establecida por el intendente Dr. Julio Mois\u00e9s.<\/div>\n<div>Al respecto, la titular de Desarrollo Social, Adriana Portal, se\u00f1al\u00f3 que la Secretar\u00eda despleg\u00f3 acciones para acompa\u00f1ar a la ANSES a todos los barrios de la ciudad y que en base a un esquema elaborado detenidamente ya se han visitado varios sectores. \u201cAhora estamos diagramando una nueva planificaci\u00f3n para llegar a los lugares que todav\u00eda no fueron visitados\u201d, apunt\u00f3.<\/div>\n<div>En ese sentido, refiri\u00f3 que \u201cla intenci\u00f3n es llegar a todos los barrios, para que las personas que no puedan acercarse personalmente a realizar la diligencia no se queden sin el beneficio\u201d. Record\u00f3 que los postulantes a acceder a esta ayuda deben presentar documento de identidad y CUIL.<\/div>\n<div>\u201cNos han dado la clave para poder bajar los formularios que son totalmente gratis, se los llena en el momento que se produce la entrevista con el solicitante, y en quince d\u00edas tienen que volver para confirmar el dep\u00f3sito del dinero que contempla el Plan Hogar y conocer la boca de pago que les corresponder\u00e1\u201d.<\/div>\n<div>\u201cNosotros, desde el municipio, ya mantuvimos varias reuniones con la Agencia de Seguridad P\u00fablica, con el Juzgado de Faltas, Bromatolog\u00eda y Defensa Civil, para que la operatoria sea eficaz y llegue a quienes realmente requieren el beneficio, porque en este tema no s\u00f3lo hay que observar el precio, sino tambi\u00e9n que las casas que venden las garrafas est\u00e9n habilitadas para hacerlo\u201d.<\/div>\n<div>\u201cExiste una realidad que nos est\u00e1 invadiendo, porque que personas inescrupulosas que han incrementado el precio de la garrafa. Ese es un punto que vamos a controlar, porque de lo contrario el objetivo del Plan quedar\u00e1 sin cumplirse. Tenemos muchos barrios que no tienen gas y estamos acerc\u00e1ndonos al invierno, por lo que necesitamos que la familia cuente con esta ayuda.<\/div>\n<div>La funcionaria apel\u00f3 a la responsabilidad y al esp\u00edritu solidario de los sampedre\u00f1os, para evitar las especulaciones y situaciones riesgosas, en alusi\u00f3n a algunos puntos de venta sin habilitaci\u00f3n detectados anteriormente por la Municipalidad.<\/div>\n<div>\u201cLa Municipalidad, por directivas del intendente Julio Mois\u00e9s, estuvo trabajando fuertemente en el tema de habilitaci\u00f3n y en los controles\u201d, apunt\u00f3, a la vez de advertir que existe otro punto problem\u00e1tico en la actualidad con la entrega de cupos. En este sentido, mencion\u00f3 que con el plan de la garrafa social hab\u00eda 160 cupos, mientras que actualmente la Secretaria tiene en un censo propio m\u00e1s 1.500 personas que requieren la ayuda.<\/div>\n","protected":false},"excerpt":{"rendered":"<p>La operatoria, de recepci\u00f3n de solicitudes, est\u00e1 a cargo de la UDAI San Pedro de ANSES, aunque el apoyo log\u00edstico del organismo municipal es primordial para que los objetivos y el esp\u00edritu del beneficio social se cumplan, conforme adem\u00e1s a la premisa establecida por el intendente Dr. Julio Mois\u00e9s. Al respecto, la titular de Desarrollo [&hellip;]<\/p>\n","protected":false},"author":1,"featured_media":25678,"comment_status":"open","ping_status":"open","sticky":false,"template":"","format":"standard","meta":{"_stopmodifiedupdate":false,"_modified_date":"","inline_featured_image":false,"spay_email":"","jetpack_publicize_message":""},"categories":[490],"tags":[],"jetpack_featured_media_url":"https:\/\/notinor.com\/jujuy\/wp-content\/uploads\/2015\/05\/Providencia-01.jpg","jetpack_publicize_connections":[],"_links":{"self":[{"href":"https:\/\/notinor.com\/jujuy\/wp-json\/wp\/v2\/posts\/25676"}],"collection":[{"href":"https:\/\/notinor.com\/jujuy\/wp-json\/wp\/v2\/posts"}],"about":[{"href":"https:\/\/notinor.com\/jujuy\/wp-json\/wp\/v2\/types\/post"}],"author":[{"embeddable":true,"href":"https:\/\/notinor.com\/jujuy\/wp-json\/wp\/v2\/users\/1"}],"replies":[{"embeddable":true,"href":"https:\/\/notinor.com\/jujuy\/wp-json\/wp\/v2\/comments?post=25676"}],"version-history":[{"count":2,"href":"https:\/\/notinor.com\/jujuy\/wp-json\/wp\/v2\/posts\/25676\/revisions"}],"predecessor-version":[{"id":25679,"href":"https:\/\/notinor.com\/jujuy\/wp-json\/wp\/v2\/posts\/25676\/revisions\/25679"}],"wp:featuredmedia":[{"embeddable":true,"href":"https:\/\/notinor.com\/jujuy\/wp-json\/wp\/v2\/media\/25678"}],"wp:attachment":[{"href":"https:\/\/notinor.com\/jujuy\/wp-json\/wp\/v2\/media?parent=25676"}],"wp:term":[{"taxonomy":"category","embeddable":true,"href":"https:\/\/notinor.com\/jujuy\/wp-json\/wp\/v2\/categories?post=25676"},{"taxonomy":"post_tag","embeddable":true,"href":"https:\/\/notinor.com\/jujuy\/wp-json\/wp\/v2\/tags?post=25676"}],"curies":[{"name":"wp","href":"https:\/\/api.w.org\/{rel}","templated":true}]}}