{"id":25667,"date":"2015-05-03T21:07:59","date_gmt":"2015-05-04T00:07:59","guid":{"rendered":"http:\/\/notinor.com\/jujuy\/?p=25667"},"modified":"2015-05-03T21:38:06","modified_gmt":"2015-05-04T00:38:06","slug":"wtcc-pechito-lopez-imparable-se-llevo-el-triunfo-en-hungria","status":"publish","type":"post","link":"https:\/\/notinor.com\/jujuy\/wtcc-pechito-lopez-imparable-se-llevo-el-triunfo-en-hungria\/","title":{"rendered":"WTCC: Pechito L\u00f3pez imparable se llevo el triunfo en hungr\u00eda"},"content":{"rendered":"<p>El argentino Jos\u00e9 Mar\u00eda L\u00f3pez (Citroen) aument\u00f3 a 33 puntos su ventaja como l\u00edder del Mundial de Turismos tras lograr una victoria y un sexto puesto en las dos carreras de la tercera cita del certamen, disputadas en el Hungaroring.<\/p>\n<p><a href=\"http:\/\/notinor.com\/jujuy\/wp-content\/uploads\/2015\/05\/wtcc.jpg\"><img decoding=\"async\" loading=\"lazy\" class=\"aligncenter size-full wp-image-25670\" src=\"http:\/\/notinor.com\/jujuy\/wp-content\/uploads\/2015\/05\/wtcc.jpg\" alt=\"wtcc\" width=\"472\" height=\"315\" srcset=\"https:\/\/notinor.com\/jujuy\/wp-content\/uploads\/2015\/05\/wtcc.jpg 472w, https:\/\/notinor.com\/jujuy\/wp-content\/uploads\/2015\/05\/wtcc-300x200.jpg 300w\" sizes=\"(max-width: 472px) 100vw, 472px\" \/><\/a><\/p>\n<p>Pechito, actual campe\u00f3n mundial, logr\u00f3 en la primera manga de Hungr\u00eda su tercer triunfo de la temporada, pese a salir desde la segunda fila de la parrilla.<\/p>\n<p>El argentino se impuso por delante de los franceses Yvan Muller (Citroen), que arranc\u00f3 desde la pole, y Hugo Valente (Chevrolet). El tambi\u00e9n franc\u00e9s Sebastien Loeb (Citroen), segundo en la general del mundial, acab\u00f3 en la sexta plaza.<\/p>\n<p>En la segunda manga se impuso ante su p\u00fablico Norbert Michelisz, autor del primer triunfo del a\u00f1o de la marca Honda. El h\u00fangaro sali\u00f3 desde la pole al haber sido d\u00e9cimo en la sesi\u00f3n de clasificaci\u00f3n y domin\u00f3 la carrera de principio a fin.<\/p>\n<p>El piloto de Honda se impuso por delante del holand\u00e9s Tom Coronel (Chevrolet) y el brit\u00e1nico Tom Chilton (Chevrolet). L\u00f3pez fue esta vez sexto, un puesto por detr\u00e1s de Loeb.<\/p>\n<p>El argentino comanda el Mundial con 129 puntos, 33 m\u00e1s que Loeb y 43 por delante de Muller.<\/p>\n<p>El 16 de mayo se disputa la cuarta cita del Mundial, en el N\u00fcrburgring alem\u00e1n.<\/p>\n<p>- 1\u00ba carrera:<br \/>\n.1. Jos\u00e9 Mar\u00eda L\u00f3pez (ARG\/Citroen) 24:11.868<br \/>\n.2. Yvan Muller (FRA\/Citroen) a 3.958<br \/>\n.3. Hugo Valente (FRA\/Chevrolet) a 10.290<br \/>\n.4. Ma Qing Hua (CHN\/Citroen) a 11.059<br \/>\n.5. Tiago Monteiro (POR\/Honda) a 11.523<br \/>\n.6. Sebastien Loeb (FRA\/Citroen) a 14.102<\/p>\n<p>- 2\u00ba carrera:<br \/>\n.1. Norbert Michelisz (HUN\/Honda) 26:00.367<br \/>\n.2. Tom Coronel (HOL\/Chevrolet) a 7.103<br \/>\n.3. Tom Chilton (GBR\/Chevrolet) a 9.315<br \/>\n.4. Tiago Monteiro (POR\/Honda) a 10.176<br \/>\n.5. Sebastien Loeb (FRA\/Citroen) a 11.235<br \/>\n.6. Jos\u00e9 Mar\u00eda L\u00f3pez (ARG\/Citroen) a 12.040<br \/>\n.7. Yvan Muller (FRA\/Citroen) a 13.065<\/p>\n<p>- Mundial de pilotos:<br \/>\n.1. Jos\u00e9 Mar\u00eda L\u00f3pez 129 puntos<br \/>\n.2. S\u00e9bastien Loeb 96<br \/>\n.3. Yvan Muller 86<br \/>\n.4. Tiago Monteiro (POR\/Honda) 58<br \/>\n.5. Ma Qing Hua 53<\/p>\n","protected":false},"excerpt":{"rendered":"<p>El argentino Jos\u00e9 Mar\u00eda L\u00f3pez (Citroen) aument\u00f3 a 33 puntos su ventaja como l\u00edder del Mundial de Turismos tras lograr una victoria y un sexto puesto en las dos carreras de la tercera cita del certamen, disputadas en el Hungaroring. Pechito, actual campe\u00f3n mundial, logr\u00f3 en la primera manga de Hungr\u00eda su tercer triunfo de [&hellip;]<\/p>\n","protected":false},"author":1,"featured_media":25670,"comment_status":"open","ping_status":"open","sticky":false,"template":"","format":"standard","meta":{"_stopmodifiedupdate":false,"_modified_date":"","inline_featured_image":false,"spay_email":"","jetpack_publicize_message":""},"categories":[7],"tags":[],"jetpack_featured_media_url":"https:\/\/notinor.com\/jujuy\/wp-content\/uploads\/2015\/05\/wtcc.jpg","jetpack_publicize_connections":[],"_links":{"self":[{"href":"https:\/\/notinor.com\/jujuy\/wp-json\/wp\/v2\/posts\/25667"}],"collection":[{"href":"https:\/\/notinor.com\/jujuy\/wp-json\/wp\/v2\/posts"}],"about":[{"href":"https:\/\/notinor.com\/jujuy\/wp-json\/wp\/v2\/types\/post"}],"author":[{"embeddable":true,"href":"https:\/\/notinor.com\/jujuy\/wp-json\/wp\/v2\/users\/1"}],"replies":[{"embeddable":true,"href":"https:\/\/notinor.com\/jujuy\/wp-json\/wp\/v2\/comments?post=25667"}],"version-history":[{"count":2,"href":"https:\/\/notinor.com\/jujuy\/wp-json\/wp\/v2\/posts\/25667\/revisions"}],"predecessor-version":[{"id":25683,"href":"https:\/\/notinor.com\/jujuy\/wp-json\/wp\/v2\/posts\/25667\/revisions\/25683"}],"wp:featuredmedia":[{"embeddable":true,"href":"https:\/\/notinor.com\/jujuy\/wp-json\/wp\/v2\/media\/25670"}],"wp:attachment":[{"href":"https:\/\/notinor.com\/jujuy\/wp-json\/wp\/v2\/media?parent=25667"}],"wp:term":[{"taxonomy":"category","embeddable":true,"href":"https:\/\/notinor.com\/jujuy\/wp-json\/wp\/v2\/categories?post=25667"},{"taxonomy":"post_tag","embeddable":true,"href":"https:\/\/notinor.com\/jujuy\/wp-json\/wp\/v2\/tags?post=25667"}],"curies":[{"name":"wp","href":"https:\/\/api.w.org\/{rel}","templated":true}]}}