{"id":256545,"date":"2020-08-01T09:07:24","date_gmt":"2020-08-01T12:07:24","guid":{"rendered":"https:\/\/notinor.com\/jujuy\/?p=256545"},"modified":"2020-08-01T11:09:56","modified_gmt":"2020-08-01T14:09:56","slug":"mendez-natividad","status":"publish","type":"post","link":"https:\/\/notinor.com\/jujuy\/mendez-natividad\/","title":{"rendered":"MENDEZ, Natividad"},"content":{"rendered":"\n<p><strong>Falleci\u00f3 el d\u00eda 30 de julio de 2020, a la edad de 76 a\u00f1os. \u201cQuerido Natividad, te fuiste para el Reino del Se\u00f1or, con tu triste partida la familia se enluta, descansa en paz\u201d. Sus hijos: Roberto, Sergio, Mario y Patricia Mendez; sus hermanos: Simone, Roberto y Desideria; sus sobrinos; sus nietos; sus bis nieta; sus hijos pol\u00edticos: Armando, Amalia, Alejandro, Sara dem\u00e1s familiares y amigos participan con profundo dolor de su fallecimiento e informan a todas las personas piadosas que sus restos fueron inhumados ayer 31 de julio de 2020 en la necr\u00f3polis Ntra. Sra. del Rosario. La familia agradece a todas las personas piadosas que acompa\u00f1an en estos momentos de profundo dolor se ruega elevar una plegaria para el descanso de su alma. Exequias y ceremonial empresa Werchow Servicios Sociales SRL. Independencia 1185. San Salvador de Jujuy. Tel. 4228433.<\/strong><\/p>\n","protected":false},"excerpt":{"rendered":"<p>Falleci\u00f3 el d\u00eda 30 de julio de 2020, a la edad de 76 a\u00f1os. \u201cQuerido Natividad, te fuiste para el Reino del Se\u00f1or, con tu triste partida la familia se enluta, descansa en paz\u201d. Sus hijos: Roberto, Sergio, Mario y Patricia Mendez; sus hermanos: Simone, Roberto y Desideria; sus sobrinos; sus nietos; sus bis nieta; [&hellip;]<\/p>\n","protected":false},"author":5,"featured_media":130005,"comment_status":"open","ping_status":"open","sticky":false,"template":"","format":"standard","meta":{"_stopmodifiedupdate":false,"_modified_date":"","inline_featured_image":false,"spay_email":"","jetpack_publicize_message":""},"categories":[523],"tags":[],"jetpack_featured_media_url":"https:\/\/notinor.com\/jujuy\/wp-content\/uploads\/2017\/08\/Obituarios-1.jpg","jetpack_publicize_connections":[],"_links":{"self":[{"href":"https:\/\/notinor.com\/jujuy\/wp-json\/wp\/v2\/posts\/256545"}],"collection":[{"href":"https:\/\/notinor.com\/jujuy\/wp-json\/wp\/v2\/posts"}],"about":[{"href":"https:\/\/notinor.com\/jujuy\/wp-json\/wp\/v2\/types\/post"}],"author":[{"embeddable":true,"href":"https:\/\/notinor.com\/jujuy\/wp-json\/wp\/v2\/users\/5"}],"replies":[{"embeddable":true,"href":"https:\/\/notinor.com\/jujuy\/wp-json\/wp\/v2\/comments?post=256545"}],"version-history":[{"count":1,"href":"https:\/\/notinor.com\/jujuy\/wp-json\/wp\/v2\/posts\/256545\/revisions"}],"predecessor-version":[{"id":256546,"href":"https:\/\/notinor.com\/jujuy\/wp-json\/wp\/v2\/posts\/256545\/revisions\/256546"}],"wp:featuredmedia":[{"embeddable":true,"href":"https:\/\/notinor.com\/jujuy\/wp-json\/wp\/v2\/media\/130005"}],"wp:attachment":[{"href":"https:\/\/notinor.com\/jujuy\/wp-json\/wp\/v2\/media?parent=256545"}],"wp:term":[{"taxonomy":"category","embeddable":true,"href":"https:\/\/notinor.com\/jujuy\/wp-json\/wp\/v2\/categories?post=256545"},{"taxonomy":"post_tag","embeddable":true,"href":"https:\/\/notinor.com\/jujuy\/wp-json\/wp\/v2\/tags?post=256545"}],"curies":[{"name":"wp","href":"https:\/\/api.w.org\/{rel}","templated":true}]}}