{"id":256540,"date":"2020-08-01T09:01:02","date_gmt":"2020-08-01T12:01:02","guid":{"rendered":"https:\/\/notinor.com\/jujuy\/?p=256540"},"modified":"2020-08-01T11:02:53","modified_gmt":"2020-08-01T14:02:53","slug":"cruz-lamas-rogelio","status":"publish","type":"post","link":"https:\/\/notinor.com\/jujuy\/cruz-lamas-rogelio\/","title":{"rendered":"CRUZ LAMAS, Rogelio"},"content":{"rendered":"\n<p><strong>Falleci\u00f3 el d\u00eda 27 de julio de 2020 . Su esposa; sus hijos y dem\u00e1s familiares participan con profundo dolor de su fallecimiento y comunican que sus restos fueron inhumados ayer 31 de julio en el cementerio parque San Lucas. Ceremonia, tanatopraxia y honras f\u00fanebres Servicios Sociales Instituto del Norte SA, V\u00e9lez Sarfield N\u00b0108, San Pedro de Jujuy Tel. 3888-423146.<\/strong><\/p>\n","protected":false},"excerpt":{"rendered":"<p>Falleci\u00f3 el d\u00eda 27 de julio de 2020 . Su esposa; sus hijos y dem\u00e1s familiares participan con profundo dolor de su fallecimiento y comunican que sus restos fueron inhumados ayer 31 de julio en el cementerio parque San Lucas. Ceremonia, tanatopraxia y honras f\u00fanebres Servicios Sociales Instituto del Norte SA, V\u00e9lez Sarfield N\u00b0108, San [&hellip;]<\/p>\n","protected":false},"author":5,"featured_media":130005,"comment_status":"open","ping_status":"open","sticky":false,"template":"","format":"standard","meta":{"_stopmodifiedupdate":false,"_modified_date":"","inline_featured_image":false,"spay_email":"","jetpack_publicize_message":""},"categories":[523],"tags":[],"jetpack_featured_media_url":"https:\/\/notinor.com\/jujuy\/wp-content\/uploads\/2017\/08\/Obituarios-1.jpg","jetpack_publicize_connections":[],"_links":{"self":[{"href":"https:\/\/notinor.com\/jujuy\/wp-json\/wp\/v2\/posts\/256540"}],"collection":[{"href":"https:\/\/notinor.com\/jujuy\/wp-json\/wp\/v2\/posts"}],"about":[{"href":"https:\/\/notinor.com\/jujuy\/wp-json\/wp\/v2\/types\/post"}],"author":[{"embeddable":true,"href":"https:\/\/notinor.com\/jujuy\/wp-json\/wp\/v2\/users\/5"}],"replies":[{"embeddable":true,"href":"https:\/\/notinor.com\/jujuy\/wp-json\/wp\/v2\/comments?post=256540"}],"version-history":[{"count":1,"href":"https:\/\/notinor.com\/jujuy\/wp-json\/wp\/v2\/posts\/256540\/revisions"}],"predecessor-version":[{"id":256541,"href":"https:\/\/notinor.com\/jujuy\/wp-json\/wp\/v2\/posts\/256540\/revisions\/256541"}],"wp:featuredmedia":[{"embeddable":true,"href":"https:\/\/notinor.com\/jujuy\/wp-json\/wp\/v2\/media\/130005"}],"wp:attachment":[{"href":"https:\/\/notinor.com\/jujuy\/wp-json\/wp\/v2\/media?parent=256540"}],"wp:term":[{"taxonomy":"category","embeddable":true,"href":"https:\/\/notinor.com\/jujuy\/wp-json\/wp\/v2\/categories?post=256540"},{"taxonomy":"post_tag","embeddable":true,"href":"https:\/\/notinor.com\/jujuy\/wp-json\/wp\/v2\/tags?post=256540"}],"curies":[{"name":"wp","href":"https:\/\/api.w.org\/{rel}","templated":true}]}}