{"id":256538,"date":"2020-08-01T08:58:32","date_gmt":"2020-08-01T11:58:32","guid":{"rendered":"https:\/\/notinor.com\/jujuy\/?p=256538"},"modified":"2020-08-01T11:00:45","modified_gmt":"2020-08-01T14:00:45","slug":"arjona-gladys-ines","status":"publish","type":"post","link":"https:\/\/notinor.com\/jujuy\/arjona-gladys-ines\/","title":{"rendered":"ARJONA, Gladys In\u00e9s"},"content":{"rendered":"\n<p><strong>Falleci\u00f3 el d\u00eda 28 de julio de 2020, a la edad de 57 a\u00f1os. Sus hijos; sus nietos; sus amigos; sus vecinos y dem\u00e1s familiares comunican con profunda tristeza su partida hacia la morada del alt\u00edsimo rogando por el eterno descanso de su alma y una pronta resignaci\u00f3n ante tal irreparable p\u00e9rdida y comunican que sus restos fueron inhumados el d\u00eda 30 de julio en el cementerio municipal Nuestra Se\u00f1ora del Rosario. Servicio de sepelio de La Cocher\u00eda SRL. calle Ram\u00edrez de Velazco 668 tel. 3884166272-154167158.<\/strong><\/p>\n","protected":false},"excerpt":{"rendered":"<p>Falleci\u00f3 el d\u00eda 28 de julio de 2020, a la edad de 57 a\u00f1os. Sus hijos; sus nietos; sus amigos; sus vecinos y dem\u00e1s familiares comunican con profunda tristeza su partida hacia la morada del alt\u00edsimo rogando por el eterno descanso de su alma y una pronta resignaci\u00f3n ante tal irreparable p\u00e9rdida y comunican que [&hellip;]<\/p>\n","protected":false},"author":5,"featured_media":130005,"comment_status":"open","ping_status":"open","sticky":false,"template":"","format":"standard","meta":{"_stopmodifiedupdate":false,"_modified_date":"","inline_featured_image":false,"spay_email":"","jetpack_publicize_message":""},"categories":[523],"tags":[],"jetpack_featured_media_url":"https:\/\/notinor.com\/jujuy\/wp-content\/uploads\/2017\/08\/Obituarios-1.jpg","jetpack_publicize_connections":[],"_links":{"self":[{"href":"https:\/\/notinor.com\/jujuy\/wp-json\/wp\/v2\/posts\/256538"}],"collection":[{"href":"https:\/\/notinor.com\/jujuy\/wp-json\/wp\/v2\/posts"}],"about":[{"href":"https:\/\/notinor.com\/jujuy\/wp-json\/wp\/v2\/types\/post"}],"author":[{"embeddable":true,"href":"https:\/\/notinor.com\/jujuy\/wp-json\/wp\/v2\/users\/5"}],"replies":[{"embeddable":true,"href":"https:\/\/notinor.com\/jujuy\/wp-json\/wp\/v2\/comments?post=256538"}],"version-history":[{"count":1,"href":"https:\/\/notinor.com\/jujuy\/wp-json\/wp\/v2\/posts\/256538\/revisions"}],"predecessor-version":[{"id":256539,"href":"https:\/\/notinor.com\/jujuy\/wp-json\/wp\/v2\/posts\/256538\/revisions\/256539"}],"wp:featuredmedia":[{"embeddable":true,"href":"https:\/\/notinor.com\/jujuy\/wp-json\/wp\/v2\/media\/130005"}],"wp:attachment":[{"href":"https:\/\/notinor.com\/jujuy\/wp-json\/wp\/v2\/media?parent=256538"}],"wp:term":[{"taxonomy":"category","embeddable":true,"href":"https:\/\/notinor.com\/jujuy\/wp-json\/wp\/v2\/categories?post=256538"},{"taxonomy":"post_tag","embeddable":true,"href":"https:\/\/notinor.com\/jujuy\/wp-json\/wp\/v2\/tags?post=256538"}],"curies":[{"name":"wp","href":"https:\/\/api.w.org\/{rel}","templated":true}]}}