{"id":256527,"date":"2020-07-31T22:39:00","date_gmt":"2020-08-01T01:39:00","guid":{"rendered":"https:\/\/notinor.com\/jujuy\/?p=256527"},"modified":"2020-08-24T12:19:48","modified_gmt":"2020-08-24T15:19:48","slug":"cartelera-cultural-sin-salir-de-casa","status":"publish","type":"post","link":"https:\/\/notinor.com\/jujuy\/cartelera-cultural-sin-salir-de-casa\/","title":{"rendered":"Cartelera cultural sin salir de casa"},"content":{"rendered":"\n<p>La Municipalidad de San Salvador de Jujuy a trav\u00e9s de la secretar\u00eda de Cultura y Turismo invitan al p\u00fablico en general a ingresar al micro sitio: http:\/\/culturamunijujuy.gob.ar\/ para disfrutar y observar de forma gratuita de las producciones que fueron premiadas en el ciclo de Cine de las Alturas y funciones de Stand Up protagonizadas por artistas juje\u00f1os.<\/p>\n\n\n\n<figure class=\"wp-block-image size-large\"><img decoding=\"async\" loading=\"lazy\" width=\"384\" height=\"480\" src=\"https:\/\/notinor.com\/jujuy\/wp-content\/uploads\/2020\/08\/STAND-384x480.jpeg\" alt=\"\" class=\"wp-image-256528\" srcset=\"https:\/\/notinor.com\/jujuy\/wp-content\/uploads\/2020\/08\/STAND-384x480.jpeg 384w, https:\/\/notinor.com\/jujuy\/wp-content\/uploads\/2020\/08\/STAND-292x365.jpeg 292w, https:\/\/notinor.com\/jujuy\/wp-content\/uploads\/2020\/08\/STAND.jpeg 750w\" sizes=\"(max-width: 384px) 100vw, 384px\" \/><\/figure>\n\n\n\n<p>La cita comienza hoy, viernes 31, desde las 21 hs. con una nueva edici\u00f3n del ciclo: \u201cViernes de Stand Up\u201d donde Andrea Bonutto deleitar\u00e1 a los juje\u00f1os.<\/p>\n\n\n\n<p>Adem\u00e1s, para los amantes del cine contin\u00faa el ciclo \u201cDomingos de Cine\u201d en esta ocasi\u00f3n se podr\u00e1n observar dos pel\u00edculas que obtuvieron el premio de \u201cMejor Corto\u201d en el Festival de Cine de las Alturas.<\/p>\n\n\n\n<p>El \u00daltimo Cuentista, del director Adri\u00e1n Ram\u00edrez de la provincia de Tucum\u00e1n ganadora del premio \u201cMejor Corto\u201d en la edici\u00f3n 2018.<\/p>\n\n\n\n<p>Sacha del director Juan Sebasti\u00e1n Torales de la provincia de Santiago del Estero y ganadora del premio \u201cMejor Corto\u201d en la edici\u00f3n 2019.<\/p>\n","protected":false},"excerpt":{"rendered":"<p>La Municipalidad de San Salvador de Jujuy a trav\u00e9s de la secretar\u00eda de Cultura y Turismo invitan al p\u00fablico en general a ingresar al micro sitio: http:\/\/culturamunijujuy.gob.ar\/ para disfrutar y observar de forma gratuita de las producciones que fueron premiadas en el ciclo de Cine de las Alturas y funciones de Stand Up protagonizadas por [&hellip;]<\/p>\n","protected":false},"author":5,"featured_media":256528,"comment_status":"open","ping_status":"open","sticky":false,"template":"","format":"standard","meta":{"_stopmodifiedupdate":false,"_modified_date":"","inline_featured_image":false,"spay_email":"","jetpack_publicize_message":""},"categories":[21],"tags":[],"jetpack_featured_media_url":"https:\/\/notinor.com\/jujuy\/wp-content\/uploads\/2020\/08\/STAND.jpeg","jetpack_publicize_connections":[],"_links":{"self":[{"href":"https:\/\/notinor.com\/jujuy\/wp-json\/wp\/v2\/posts\/256527"}],"collection":[{"href":"https:\/\/notinor.com\/jujuy\/wp-json\/wp\/v2\/posts"}],"about":[{"href":"https:\/\/notinor.com\/jujuy\/wp-json\/wp\/v2\/types\/post"}],"author":[{"embeddable":true,"href":"https:\/\/notinor.com\/jujuy\/wp-json\/wp\/v2\/users\/5"}],"replies":[{"embeddable":true,"href":"https:\/\/notinor.com\/jujuy\/wp-json\/wp\/v2\/comments?post=256527"}],"version-history":[{"count":1,"href":"https:\/\/notinor.com\/jujuy\/wp-json\/wp\/v2\/posts\/256527\/revisions"}],"predecessor-version":[{"id":256529,"href":"https:\/\/notinor.com\/jujuy\/wp-json\/wp\/v2\/posts\/256527\/revisions\/256529"}],"wp:featuredmedia":[{"embeddable":true,"href":"https:\/\/notinor.com\/jujuy\/wp-json\/wp\/v2\/media\/256528"}],"wp:attachment":[{"href":"https:\/\/notinor.com\/jujuy\/wp-json\/wp\/v2\/media?parent=256527"}],"wp:term":[{"taxonomy":"category","embeddable":true,"href":"https:\/\/notinor.com\/jujuy\/wp-json\/wp\/v2\/categories?post=256527"},{"taxonomy":"post_tag","embeddable":true,"href":"https:\/\/notinor.com\/jujuy\/wp-json\/wp\/v2\/tags?post=256527"}],"curies":[{"name":"wp","href":"https:\/\/api.w.org\/{rel}","templated":true}]}}