{"id":256522,"date":"2020-08-01T10:36:59","date_gmt":"2020-08-01T13:36:59","guid":{"rendered":"https:\/\/notinor.com\/jujuy\/?p=256522"},"modified":"2020-08-01T10:37:06","modified_gmt":"2020-08-01T13:37:06","slug":"el-ancestral-rito-de-la-pachamama-en-tiempos-de-pandemia","status":"publish","type":"post","link":"https:\/\/notinor.com\/jujuy\/el-ancestral-rito-de-la-pachamama-en-tiempos-de-pandemia\/","title":{"rendered":"El ancestral rito de la Pachamama en tiempos de pandemia"},"content":{"rendered":"\n<p>Este es el mes en que se hace el convido a la Madre Tierra. Se agradece por el a\u00f1o y se le pide que est\u00e9 dispuesta para preparar la tierra en las labores de producci\u00f3n de alimentos. <\/p>\n\n\n\n<figure class=\"wp-block-image size-large\"><img decoding=\"async\" loading=\"lazy\" width=\"781\" height=\"480\" src=\"https:\/\/notinor.com\/jujuy\/wp-content\/uploads\/2020\/08\/pacha1-781x480.jpg\" alt=\"\" class=\"wp-image-256525\" srcset=\"https:\/\/notinor.com\/jujuy\/wp-content\/uploads\/2020\/08\/pacha1-781x480.jpg 781w, https:\/\/notinor.com\/jujuy\/wp-content\/uploads\/2020\/08\/pacha1-594x365.jpg 594w, https:\/\/notinor.com\/jujuy\/wp-content\/uploads\/2020\/08\/pacha1-768x472.jpg 768w, https:\/\/notinor.com\/jujuy\/wp-content\/uploads\/2020\/08\/pacha1-750x461.jpg 750w, https:\/\/notinor.com\/jujuy\/wp-content\/uploads\/2020\/08\/pacha1.jpg 802w\" sizes=\"(max-width: 781px) 100vw, 781px\" \/><\/figure>\n\n\n\n<p>Desde hoy y hasta el 31 de agosto las comunidades ind\u00edgenas de Salta homenajean a la Pachamama o Madre Tierra. Una de esas celebraciones es la Fiesta Nacional de la Pachamama de los Pueblos Andinos que se realiza en San Antonio de los Cobres. La fecha prevista es el 8 de agosto y este a\u00f1o se transmitir\u00e1 v\u00eda online. Tambi\u00e9n est\u00e1 el evento \u00edntimo que realiza el Pueblo Atacama y que insta a una celebraci\u00f3n comunitaria no folclorizada.<\/p>\n\n\n\n<p>Desde la comisi\u00f3n organizadora Kollas Unidos y la Asociaci\u00f3n Argentina de Prensa Tur\u00edstica se invit\u00f3 a participar del Fam Press Digital con motivo de la Fiesta Nacional que transmitir\u00e1 el chayaco, el momento de la ofrenda a la Pachamama. El acto se har\u00e1 el s\u00e1bado 8, a 3.776 metros sobre el nivel del mar en la localidad de San Antonio de los Cobres, en el departamento Los Andes. En el convido se re\u00fanen distintas ofrendas que van desde alimentos, bebidas, y las hojas de coca, el elemento principal en esta ceremonia en la que se devuelven a la Madre Tierra algo de los muchos dones que ella ofrece durante todo el a\u00f1o.<\/p>\n\n\n\n<p> Miguel Siares, representante del Pueblo Kolla en el Instituto Provincial de Pueblos Ind\u00edgenas de Salta (IPPIS), cont\u00f3 que en agosto \"las comunidades se preparan para agasajar y convidar a nuestra madre tierra\u201d. El actual contexto de pandemia tambi\u00e9n llev\u00f3 a las comunidades a modificar la celebraci\u00f3n, pero a \u201cmantener la costumbres que ahora se ir\u00e1n haciendo en las casas con la familia\u201d, afirm\u00f3 el referente.<\/p>\n\n\n\n<p> Siares dijo que el 8 de agosto se mantendr\u00e1 el festejo de la celebraci\u00f3n nacional \u201cen la estaci\u00f3n de ferrocarril donde est\u00e1 la apacheta\u201d, en San Antonio de los Cobres. Explic\u00f3 que, respetando los protocolos establecidos, habr\u00e1 un grupo reducido de familias que permitir\u00e1n mostrar \u201cun poco en las redes sociales como vivimos hoy la festividad\u201d. La celebraci\u00f3n de la Pachamama \u201ces una cultura que no se debe perder y la zona de la Puna espera ansiosa poder agasajarla y convidar\u201d, expres\u00f3.<\/p>\n\n\n\n<p>Asegur\u00f3 que a\u00fan en este a\u00f1o marcado por el coronavirus, la costumbre \u201cno se debe perder\u201d; es m\u00e1s, \u201choy m\u00e1s que nunca las comunidades deber hacer un pedido por esta pandemia y pedir por ondas positivas\u201d. \u201cEn agosto es la \u00e9poca de las plegarias y le pediremos a nuestra Pachamama que haya salud y trabajo por este tiempo, adem\u00e1s de pedir por el agua para nuestro ganado y por buenas cosechas\u201d, manifest\u00f3 a Salta\/12.<\/p>\n\n\n\n<p> As\u00ed tambi\u00e9n lo dispuso la actual gesti\u00f3n comunal de San Antonio de los Cobres a cargo de Alberto Carral. Mediante la resoluci\u00f3n 263 se dej\u00f3 asentado que las localidades de San Antonio de los Cobres, Santa Rosa de los Pastos Grandes, Salar de Pocitos, Olacapato y los parajes de la jurisdicci\u00f3n municipal deber\u00e1n seguir las recomendaciones con motivo de la celebraci\u00f3n a la Madre Tierra. <\/p>\n\n\n\n<p> \u201cQuedate en casa con la Pachamama\u2026 cuidate y cuid\u00e1 a los tuyos\u201d fue el lema que la gesti\u00f3n de Carral eligi\u00f3 para el particular a\u00f1o pand\u00e9mico. El municipio sostuvo que \u201cla ofrenda a la Madre Tierra s\u00f3lo se realizar\u00e1 en el contexto familiar\u201d y que por ello se\u00f1al\u00f3 que est\u00e1 prohibida la concurrencia a otras viviendas y el desplazamientos de familias.<\/p>\n\n\n\n<p>Adem\u00e1s, se propuso que las ofrendas que se suelen hacer todos los a\u00f1os en lugares p\u00fablicos destinados a estas ceremonias, sean con \u201calimentos que se tengan en la casa, evitando las salidas innecesarias y fuera del horario establecido\u201d. En San Antonio de los Cobres se restringieron las salidas desde las 20, quedando solo autorizadas las actividades exceptuadas.<\/p>\n\n\n\n<p>Siares expres\u00f3 que las disposiciones municipales hacen volver a las festividades \u00edntimas y familiares que se hac\u00edan a\u00f1os atr\u00e1s en estas fechas. \u201cSon varias comunidades que lo hac\u00edan de forma conjunta, pero ahora se volver\u00e1 a hacer como lo hac\u00edan nuestros abuelos y que tiene que ver con el entorno familiar\u201d, dijo.<\/p>\n\n\n\n<p>La entidad m\u00e1s espiritual<\/p>\n\n\n\n<p>Para la autoridad comunitaria y vocero de la Red Atacama Los Andes, Iv\u00e1n Arjona, honrar a la Pachamama es celebrar \u201cla entidad m\u00e1s espiritual de las comunidades de Los Andes y de la Cordillera\u201d porque es \u201crespeto y agradecimiento a la Madre Tierra\u201d.<\/p>\n\n\n\n<p>El Pueblo Atacama llama \u201capata joiri\u201d a la Madre Tierra. \u201cEs casi id\u00e9ntica en todo el mundo andino porque nos plantea todo lo que vemos del suelo y tomamos\u201d, explic\u00f3 Arjona.<\/p>\n\n\n\n<p>Asegur\u00f3 que celebrarlo en agosto <strong>\u201ces continuar un ritual que es m\u00e1s milenario y ancestral y que ha permanecido a pesar de la impronta de hacerlo desaparecer\u201d, y hoy \"permanece tan vigente como hace m\u00e1s de 500 a\u00f1os\u201d<\/strong>. \u201cEs la presencia de lo espiritual que no ha sido mancillada en el colonialismo ni en el actual estado independiente donde vivimos\u201d.<\/p>\n\n\n\n<p>Dijo que la vigencia de esta celebraci\u00f3n es porque \u201ctiene que ver con el \u00e1mbito familiar\u201d y ahora \u201cnos llama a plantearlo de nuevo a ese \u00e1mbito\u201d porque \u201cva a tener un sin\u00f3nimo de vivencia \u00edntima\u201d, dado que el actual contexto \u201cnos est\u00e1 planteando ir de las exposiciones masivas a la escala m\u00e1s \u00edntima para volver al n\u00facleo del cual surgi\u00f3 todo\u201d.\u00a0<\/p>\n\n\n\n<p>\u201cLa Pachamama no es que tenga que ser folclorizada, sino <strong>permanecer en el \u00e1mbito familiar con nuestra Madre Tierra y deseando energ\u00edas positivas que es lo que necesitamos hoy<\/strong>\u201d, expres\u00f3 Arjona. \u201c<strong>No es un evento que el pueblo trata de folclorizar porque siempre hemos mantenido el agradecimiento \u00edntimo y comunitario\u201d<\/strong>, sostuvo el referente.<\/p>\n\n\n\n<p>El Pueblo Atacama re\u00fane a 18 comunidades en Salta. Este a\u00f1o no se seleccionar\u00e1 un paraje para una celebraci\u00f3n con las autoridades ancestrales de todo el Pueblo como se hac\u00eda a\u00f1os tras a\u00f1o. \u201cEsto queda clausurado y cada comunidad har\u00e1 en su lugar de residencia el encuentro en familia\u201d, inform\u00f3 Arjona. Agreg\u00f3 que la celebraci\u00f3n ser\u00e1 durante todo agosto porque se mantiene el \u201cafecto espiritual a esta Madre Tierra\u201d. \u201cEsto es algo espiritual que debe transmitirse de generaci\u00f3n en generaci\u00f3n\u201d, destac\u00f3.<\/p>\n\n\n\n<p>Una miniserie sobre la Pachamama<\/p>\n\n\n\n<p>La Secretar\u00eda de Cultura de Salta estrenar\u00e1 hoy \"Pachamama 2020\", una miniserie documental de cuatro episodios, que incluye dos proyectos: \u201cPachamama en Casa\u201d y \u201cDanza en Homenaje a la Pachamama\u201d, realizado este \u00faltimo por el Ballet Fokl\u00f3rico de la Provincia. El registro audiovisual fue dirigido por Santiago Lofeudo y cont\u00f3 con la m\u00fasica de la banda salte\u00f1a Huk.<\/p>\n\n\n\n<p>Para \"Pachamama en casa\" se eligieron tres lugares:<strong>\u00a0Santa Rosa de Tastil, Salta Capital y Vaqueros<\/strong>.\u00a0<\/p>\n\n\n\n<p>En el primer destino se cont\u00f3 la historia de Chinguila, un campesino de la Puna que junto a su familia practica la ceremonia antes de iniciar la siembra de su tierra.<\/p>\n\n\n\n<p>En Salta Capital se mostr\u00f3 una celebraci\u00f3n urbana. En este caso, se conoci\u00f3 a Mar\u00eda Ester D\u00edaz, una emprendedora gastron\u00f3mica de la ciudad que realiza la ofrenda a la Pachamama a pesar de vivir en un departamento.<\/p>\n\n\n\n<p>Y por \u00faltimo, la filmaci\u00f3n fue trasladada a la finca La Huella en Vaqueros. Este \u00faltimo cap\u00edtulo cuenta la historia de Olga Lubel, quien se dedica a producir verduras org\u00e1nicas, fabrica dulces artesanales y cr\u00eda animales, adem\u00e1s de impulsar un proyecto pedag\u00f3gico para promover la educaci\u00f3n ambiental y el cuidado a la Madre Tierra.<\/p>\n\n\n\n<p>El cuarto epidosio es \u201cDanza en Homenaje a la Pachamama\u201d. All\u00ed el Ballet Folcl\u00f3rico de Salta fue a las yungas de San Lorenzo. A trav\u00e9s de la danza los bailarines rinden tributo a la \u201cPacha\u201d con una coreograf\u00eda de la maestra Mariana Jim\u00e9nez musicalizada por el grupo Markama.<\/p>\n\n\n\n<p>Las producciones cuentan con la colaboraci\u00f3n de las municipalidades de Campo Quijano y San Lorenzo, y el Museo de la Gesta G\u00fcemesiana y Gaucha de esta \u00faltima localidad.\u00a0El estreno ser\u00e1 hoy, a las 13.30, en el canal oficial de YouTube de la Secretar\u00eda de Cultura, Canal 11 de Salta Telefe y la Agencia T\u00e9lam.\u00a0<\/p>\n\n\n\n<p>La TV P\u00fablica transmitir\u00e1 los episodios para todo el pa\u00eds a partir del lunes 3 de agosto, por el programa \u201cTodos Estamos Conectados\u201d, que conduce Sergio Goycochea, de lunes a viernes a partir de las 16.<\/p>\n","protected":false},"excerpt":{"rendered":"<p>Este es el mes en que se hace el convido a la Madre Tierra. Se agradece por el a\u00f1o y se le pide que est\u00e9 dispuesta para preparar la tierra en las labores de producci\u00f3n de alimentos. Desde hoy y hasta el 31 de agosto las comunidades ind\u00edgenas de Salta homenajean a la Pachamama o [&hellip;]<\/p>\n","protected":false},"author":5,"featured_media":256524,"comment_status":"open","ping_status":"open","sticky":false,"template":"","format":"standard","meta":{"_stopmodifiedupdate":false,"_modified_date":"","inline_featured_image":false,"spay_email":"","jetpack_publicize_message":""},"categories":[13],"tags":[],"jetpack_featured_media_url":"https:\/\/notinor.com\/jujuy\/wp-content\/uploads\/2020\/08\/pacha.jpg","jetpack_publicize_connections":[],"_links":{"self":[{"href":"https:\/\/notinor.com\/jujuy\/wp-json\/wp\/v2\/posts\/256522"}],"collection":[{"href":"https:\/\/notinor.com\/jujuy\/wp-json\/wp\/v2\/posts"}],"about":[{"href":"https:\/\/notinor.com\/jujuy\/wp-json\/wp\/v2\/types\/post"}],"author":[{"embeddable":true,"href":"https:\/\/notinor.com\/jujuy\/wp-json\/wp\/v2\/users\/5"}],"replies":[{"embeddable":true,"href":"https:\/\/notinor.com\/jujuy\/wp-json\/wp\/v2\/comments?post=256522"}],"version-history":[{"count":1,"href":"https:\/\/notinor.com\/jujuy\/wp-json\/wp\/v2\/posts\/256522\/revisions"}],"predecessor-version":[{"id":256526,"href":"https:\/\/notinor.com\/jujuy\/wp-json\/wp\/v2\/posts\/256522\/revisions\/256526"}],"wp:featuredmedia":[{"embeddable":true,"href":"https:\/\/notinor.com\/jujuy\/wp-json\/wp\/v2\/media\/256524"}],"wp:attachment":[{"href":"https:\/\/notinor.com\/jujuy\/wp-json\/wp\/v2\/media?parent=256522"}],"wp:term":[{"taxonomy":"category","embeddable":true,"href":"https:\/\/notinor.com\/jujuy\/wp-json\/wp\/v2\/categories?post=256522"},{"taxonomy":"post_tag","embeddable":true,"href":"https:\/\/notinor.com\/jujuy\/wp-json\/wp\/v2\/tags?post=256522"}],"curies":[{"name":"wp","href":"https:\/\/api.w.org\/{rel}","templated":true}]}}