{"id":256517,"date":"2020-08-01T10:04:17","date_gmt":"2020-08-01T13:04:17","guid":{"rendered":"https:\/\/notinor.com\/jujuy\/?p=256517"},"modified":"2020-08-01T10:04:20","modified_gmt":"2020-08-01T13:04:20","slug":"palpalenos-resultaron-ganadores-del-concurso-nacional-de-proyectos-potenciar","status":"publish","type":"post","link":"https:\/\/notinor.com\/jujuy\/palpalenos-resultaron-ganadores-del-concurso-nacional-de-proyectos-potenciar\/","title":{"rendered":"Palpale\u00f1os resultaron ganadores del concurso nacional de proyectos \"Potenciar\""},"content":{"rendered":"\n<p>De un total de 500 trabajos presentados en todo el pa\u00eds, tres fueron beneficiarios de Palpal\u00e1, correspondientes a los rubros gastronom\u00eda y gomer\u00eda, se beneficiaron con un kit de herramientas-maquinarias destinados a su actividad emprendedora. Cada beneficio est\u00e1 valuado entre 100 y 120 mil pesos.<\/p>\n\n\n\n<figure class=\"wp-block-image size-large\"><img decoding=\"async\" loading=\"lazy\" width=\"720\" height=\"480\" src=\"https:\/\/notinor.com\/jujuy\/wp-content\/uploads\/2020\/08\/PLAN-NACIONAL-POTENCIAR-4-3-720x480.jpg\" alt=\"\" class=\"wp-image-256518\" srcset=\"https:\/\/notinor.com\/jujuy\/wp-content\/uploads\/2020\/08\/PLAN-NACIONAL-POTENCIAR-4-3-720x480.jpg 720w, https:\/\/notinor.com\/jujuy\/wp-content\/uploads\/2020\/08\/PLAN-NACIONAL-POTENCIAR-4-3-548x365.jpg 548w, https:\/\/notinor.com\/jujuy\/wp-content\/uploads\/2020\/08\/PLAN-NACIONAL-POTENCIAR-4-3-768x512.jpg 768w, https:\/\/notinor.com\/jujuy\/wp-content\/uploads\/2020\/08\/PLAN-NACIONAL-POTENCIAR-4-3-750x500.jpg 750w, https:\/\/notinor.com\/jujuy\/wp-content\/uploads\/2020\/08\/PLAN-NACIONAL-POTENCIAR-4-3-1140x760.jpg 1140w, https:\/\/notinor.com\/jujuy\/wp-content\/uploads\/2020\/08\/PLAN-NACIONAL-POTENCIAR-4-3.jpg 1200w\" sizes=\"(max-width: 720px) 100vw, 720px\" \/><\/figure>\n\n\n\n<p>El evento estuvo destinado a personas desempleadas mayores de 40 a\u00f1os, con experiencia en los&nbsp;<strong>rubros de construcci\u00f3n, carpinter\u00eda, herrer\u00eda, gomer\u00eda, gastronom\u00eda, jardiner\u00eda o textil<\/strong>&nbsp;para que puedan obtener&nbsp;<strong>maquinarias y herramientas<\/strong>&nbsp;para poner en marcha o fortalecer sus emprendimientos.<\/p>\n\n\n\n<p>Patricia Sartor, Secretaria de Desarrollo Humano y Bienestar Social del municipio, dijo que \u201cEs un orgullo&nbsp; recibir a representantes del Ministerio de Desarrollo Social de la Naci\u00f3n, para traer beneficios a nuestra gente, d\u00e1ndole trabajo, ya que estamos viviendo una situaci\u00f3n muy complicada. Viendo los kits de equipamiento que se le hace entrega a cada beneficiario, es imposible obtenerlo con recursos propios por la situaci\u00f3n que atravesamos. Agradezco a la gente de naci\u00f3n por hacer un Pa\u00eds m\u00e1s federal y con iguales oportunidades para todos los argentinos \u201cse\u00f1al\u00f3.<\/p>\n\n\n\n<p>En esta misma l\u00ednea, Mariela Segovia, Referente del Ministerio de Desarrollo Social de la Naci\u00f3n, expres\u00f3 \u201cVenimos a traer los kits de herramientas a los ganadores del concurso nacional Potenciar que servir\u00e1n para poder generar trabajo genuino, y despu\u00e9s poder reactivar la fuente de trabajo. Queremos que sepan que, aun en esta situaci\u00f3n complicada el Estado nacional est\u00e1 presente y llega puerta a puerta a los ganadores del programa\u201d inici\u00f3 diciendo.<\/p>\n\n\n\n<p>As\u00ed tambi\u00e9n, Segovia explic\u00f3 el prop\u00f3sito y beneficios de la iniciativa \u201c<strong>Se hace una inversi\u00f3n de cada kit acompa\u00f1ado de un soporte electr\u00f3nico como puede ser una Tablet, cada proyecto ronda los 100 a 120 mil pesos y permite que el mismo se pueda proyectar y materializar, con una contraprestaci\u00f3n para poder ayudar a alguna instituci\u00f3n que ellos mismos han elegido, con el aporte de un 20 por ciento de lo que produzcan durante cuatro meses<\/strong>. En esta Provincia tenemos una situaci\u00f3n muy compleja y estamos presentes, Entendemos el esfuerzo que hace el Intendente y es momento de que estemos todos juntos\u201d, remarc\u00f3 la funcionaria\u201d.<\/p>\n\n\n\n<p>Finalmente, Mar\u00eda Albornoz, uno de los proyectos ganadores mostro su alegr\u00eda, expresando \u201cfeliz y contenta de haber sido seleccionada para recibir este equipamiento que consiste en un freezer, una cocina industrial, olla y horno pizzero. Esto me servir\u00e1 para fortalecer mi actividad, que es gastronom\u00eda para diab\u00e9ticos y celiacos.. En tanto que Martin Subelza, ganador del rubro gomer\u00eda, dijo que \u201cmediante el municipio recib\u00ed herramientas valiosas que me servir\u00e1n para trabajar en la municipalidad me ayudaron a hacer el proyecto, por lo que estoy muy agradecido por el logro que hoy se me hace entrega, fundamental para mi actividad laboral\u201d.<\/p>\n\n\n\n<figure class=\"wp-block-image size-large\"><img decoding=\"async\" loading=\"lazy\" width=\"720\" height=\"480\" src=\"https:\/\/notinor.com\/jujuy\/wp-content\/uploads\/2020\/08\/PLAN-NACIONAL-POTENCIAR-4-1-720x480.jpg\" alt=\"\" class=\"wp-image-256519\" srcset=\"https:\/\/notinor.com\/jujuy\/wp-content\/uploads\/2020\/08\/PLAN-NACIONAL-POTENCIAR-4-1-720x480.jpg 720w, https:\/\/notinor.com\/jujuy\/wp-content\/uploads\/2020\/08\/PLAN-NACIONAL-POTENCIAR-4-1-548x365.jpg 548w, https:\/\/notinor.com\/jujuy\/wp-content\/uploads\/2020\/08\/PLAN-NACIONAL-POTENCIAR-4-1-768x512.jpg 768w, https:\/\/notinor.com\/jujuy\/wp-content\/uploads\/2020\/08\/PLAN-NACIONAL-POTENCIAR-4-1-750x500.jpg 750w, https:\/\/notinor.com\/jujuy\/wp-content\/uploads\/2020\/08\/PLAN-NACIONAL-POTENCIAR-4-1-1140x760.jpg 1140w, https:\/\/notinor.com\/jujuy\/wp-content\/uploads\/2020\/08\/PLAN-NACIONAL-POTENCIAR-4-1.jpg 1200w\" sizes=\"(max-width: 720px) 100vw, 720px\" \/><\/figure>\n\n\n\n<figure class=\"wp-block-image size-large\"><img decoding=\"async\" loading=\"lazy\" width=\"720\" height=\"480\" src=\"https:\/\/notinor.com\/jujuy\/wp-content\/uploads\/2020\/08\/PLAN-NACIONAL-POTENCIAR-4-5-720x480.jpg\" alt=\"\" class=\"wp-image-256520\" srcset=\"https:\/\/notinor.com\/jujuy\/wp-content\/uploads\/2020\/08\/PLAN-NACIONAL-POTENCIAR-4-5-720x480.jpg 720w, https:\/\/notinor.com\/jujuy\/wp-content\/uploads\/2020\/08\/PLAN-NACIONAL-POTENCIAR-4-5-548x365.jpg 548w, https:\/\/notinor.com\/jujuy\/wp-content\/uploads\/2020\/08\/PLAN-NACIONAL-POTENCIAR-4-5-768x512.jpg 768w, https:\/\/notinor.com\/jujuy\/wp-content\/uploads\/2020\/08\/PLAN-NACIONAL-POTENCIAR-4-5-750x500.jpg 750w, https:\/\/notinor.com\/jujuy\/wp-content\/uploads\/2020\/08\/PLAN-NACIONAL-POTENCIAR-4-5-1140x760.jpg 1140w, https:\/\/notinor.com\/jujuy\/wp-content\/uploads\/2020\/08\/PLAN-NACIONAL-POTENCIAR-4-5.jpg 1200w\" sizes=\"(max-width: 720px) 100vw, 720px\" \/><\/figure>\n","protected":false},"excerpt":{"rendered":"<p>De un total de 500 trabajos presentados en todo el pa\u00eds, tres fueron beneficiarios de Palpal\u00e1, correspondientes a los rubros gastronom\u00eda y gomer\u00eda, se beneficiaron con un kit de herramientas-maquinarias destinados a su actividad emprendedora. Cada beneficio est\u00e1 valuado entre 100 y 120 mil pesos. El evento estuvo destinado a personas desempleadas mayores de 40 [&hellip;]<\/p>\n","protected":false},"author":1,"featured_media":256518,"comment_status":"open","ping_status":"open","sticky":false,"template":"","format":"standard","meta":{"_stopmodifiedupdate":false,"_modified_date":"","inline_featured_image":false,"spay_email":"","jetpack_publicize_message":""},"categories":[4],"tags":[],"jetpack_featured_media_url":"https:\/\/notinor.com\/jujuy\/wp-content\/uploads\/2020\/08\/PLAN-NACIONAL-POTENCIAR-4-3.jpg","jetpack_publicize_connections":[],"_links":{"self":[{"href":"https:\/\/notinor.com\/jujuy\/wp-json\/wp\/v2\/posts\/256517"}],"collection":[{"href":"https:\/\/notinor.com\/jujuy\/wp-json\/wp\/v2\/posts"}],"about":[{"href":"https:\/\/notinor.com\/jujuy\/wp-json\/wp\/v2\/types\/post"}],"author":[{"embeddable":true,"href":"https:\/\/notinor.com\/jujuy\/wp-json\/wp\/v2\/users\/1"}],"replies":[{"embeddable":true,"href":"https:\/\/notinor.com\/jujuy\/wp-json\/wp\/v2\/comments?post=256517"}],"version-history":[{"count":1,"href":"https:\/\/notinor.com\/jujuy\/wp-json\/wp\/v2\/posts\/256517\/revisions"}],"predecessor-version":[{"id":256521,"href":"https:\/\/notinor.com\/jujuy\/wp-json\/wp\/v2\/posts\/256517\/revisions\/256521"}],"wp:featuredmedia":[{"embeddable":true,"href":"https:\/\/notinor.com\/jujuy\/wp-json\/wp\/v2\/media\/256518"}],"wp:attachment":[{"href":"https:\/\/notinor.com\/jujuy\/wp-json\/wp\/v2\/media?parent=256517"}],"wp:term":[{"taxonomy":"category","embeddable":true,"href":"https:\/\/notinor.com\/jujuy\/wp-json\/wp\/v2\/categories?post=256517"},{"taxonomy":"post_tag","embeddable":true,"href":"https:\/\/notinor.com\/jujuy\/wp-json\/wp\/v2\/tags?post=256517"}],"curies":[{"name":"wp","href":"https:\/\/api.w.org\/{rel}","templated":true}]}}