{"id":256491,"date":"2020-07-31T22:58:11","date_gmt":"2020-08-01T01:58:11","guid":{"rendered":"https:\/\/notinor.com\/jujuy\/?p=256491"},"modified":"2020-07-31T22:58:14","modified_gmt":"2020-08-01T01:58:14","slug":"ley-seca-en-susques-a-partir-de-manana","status":"publish","type":"post","link":"https:\/\/notinor.com\/jujuy\/ley-seca-en-susques-a-partir-de-manana\/","title":{"rendered":"Ley Seca en Susques a partir de ma\u00f1ana"},"content":{"rendered":"\n<p>El Decreto fue comunicado por la Comisi\u00f3n Municipal del lugar, se aplica para evitar reuniones clandestinas.<\/p>\n\n\n\n<figure class=\"wp-block-image size-large\"><img decoding=\"async\" loading=\"lazy\" width=\"680\" height=\"465\" src=\"https:\/\/notinor.com\/jujuy\/wp-content\/uploads\/2020\/07\/ley-seca.jpg\" alt=\"\" class=\"wp-image-256492\" srcset=\"https:\/\/notinor.com\/jujuy\/wp-content\/uploads\/2020\/07\/ley-seca.jpg 680w, https:\/\/notinor.com\/jujuy\/wp-content\/uploads\/2020\/07\/ley-seca-534x365.jpg 534w\" sizes=\"(max-width: 680px) 100vw, 680px\" \/><\/figure>\n\n\n\n<p>A partir de las 00:00 del s\u00e1bado comenzar\u00e1 a regir la \"Ley Seca\" en el departamento de Susques, la normativa regir\u00e1 por 15 d\u00edas y busca minimizar las reuniones y fiestas clandestinas que se realizan por las noches.<\/p>\n\n\n\n<p>As\u00ed, mediante el Decreto 008\/20  l<strong>a Comisi\u00f3n Municipal de Susques prohibi\u00f3 la comercializaci\u00f3n, expendi\u00f3, distribuci\u00f3n y suministro de bebidas alcoh\u00f3licas <\/strong>cualquiera sea su graduaci\u00f3n. Salvo alcohol 95\u00b0 y el alcohol en gel como elementos para desinfectar.<\/p>\n\n\n\n<p>La nueva medida se aplicar\u00e1 tanto para almacenes, despensas, kioscos, restaurantes, comedores de hoteles, confiter\u00edas, bares y casas de comidas.<\/p>\n\n\n\n<figure class=\"wp-block-image size-large\"><img decoding=\"async\" loading=\"lazy\" width=\"322\" height=\"480\" src=\"https:\/\/notinor.com\/jujuy\/wp-content\/uploads\/2020\/07\/susques-ley-seca-322x480.jpg\" alt=\"\" class=\"wp-image-256498\" srcset=\"https:\/\/notinor.com\/jujuy\/wp-content\/uploads\/2020\/07\/susques-ley-seca-322x480.jpg 322w, https:\/\/notinor.com\/jujuy\/wp-content\/uploads\/2020\/07\/susques-ley-seca-245x365.jpg 245w, https:\/\/notinor.com\/jujuy\/wp-content\/uploads\/2020\/07\/susques-ley-seca-768x1144.jpg 768w, https:\/\/notinor.com\/jujuy\/wp-content\/uploads\/2020\/07\/susques-ley-seca-1031x1536.jpg 1031w, https:\/\/notinor.com\/jujuy\/wp-content\/uploads\/2020\/07\/susques-ley-seca-750x1117.jpg 750w, https:\/\/notinor.com\/jujuy\/wp-content\/uploads\/2020\/07\/susques-ley-seca.jpg 1077w\" sizes=\"(max-width: 322px) 100vw, 322px\" \/><\/figure>\n","protected":false},"excerpt":{"rendered":"<p>El Decreto fue comunicado por la Comisi\u00f3n Municipal del lugar, se aplica para evitar reuniones clandestinas. A partir de las 00:00 del s\u00e1bado comenzar\u00e1 a regir la \"Ley Seca\" en el departamento de Susques, la normativa regir\u00e1 por 15 d\u00edas y busca minimizar las reuniones y fiestas clandestinas que se realizan por las noches. As\u00ed, [&hellip;]<\/p>\n","protected":false},"author":1,"featured_media":256492,"comment_status":"open","ping_status":"open","sticky":false,"template":"","format":"standard","meta":{"_stopmodifiedupdate":false,"_modified_date":"","inline_featured_image":false,"spay_email":"","jetpack_publicize_message":""},"categories":[4],"tags":[],"jetpack_featured_media_url":"https:\/\/notinor.com\/jujuy\/wp-content\/uploads\/2020\/07\/ley-seca.jpg","jetpack_publicize_connections":[],"_links":{"self":[{"href":"https:\/\/notinor.com\/jujuy\/wp-json\/wp\/v2\/posts\/256491"}],"collection":[{"href":"https:\/\/notinor.com\/jujuy\/wp-json\/wp\/v2\/posts"}],"about":[{"href":"https:\/\/notinor.com\/jujuy\/wp-json\/wp\/v2\/types\/post"}],"author":[{"embeddable":true,"href":"https:\/\/notinor.com\/jujuy\/wp-json\/wp\/v2\/users\/1"}],"replies":[{"embeddable":true,"href":"https:\/\/notinor.com\/jujuy\/wp-json\/wp\/v2\/comments?post=256491"}],"version-history":[{"count":1,"href":"https:\/\/notinor.com\/jujuy\/wp-json\/wp\/v2\/posts\/256491\/revisions"}],"predecessor-version":[{"id":256499,"href":"https:\/\/notinor.com\/jujuy\/wp-json\/wp\/v2\/posts\/256491\/revisions\/256499"}],"wp:featuredmedia":[{"embeddable":true,"href":"https:\/\/notinor.com\/jujuy\/wp-json\/wp\/v2\/media\/256492"}],"wp:attachment":[{"href":"https:\/\/notinor.com\/jujuy\/wp-json\/wp\/v2\/media?parent=256491"}],"wp:term":[{"taxonomy":"category","embeddable":true,"href":"https:\/\/notinor.com\/jujuy\/wp-json\/wp\/v2\/categories?post=256491"},{"taxonomy":"post_tag","embeddable":true,"href":"https:\/\/notinor.com\/jujuy\/wp-json\/wp\/v2\/tags?post=256491"}],"curies":[{"name":"wp","href":"https:\/\/api.w.org\/{rel}","templated":true}]}}