{"id":256478,"date":"2020-07-31T21:34:47","date_gmt":"2020-08-01T00:34:47","guid":{"rendered":"https:\/\/notinor.com\/jujuy\/?p=256478"},"modified":"2020-07-31T21:34:49","modified_gmt":"2020-08-01T00:34:49","slug":"jujuy-alcanzo-un-total-de-2261-casos-positivos-de-coronavirus","status":"publish","type":"post","link":"https:\/\/notinor.com\/jujuy\/jujuy-alcanzo-un-total-de-2261-casos-positivos-de-coronavirus\/","title":{"rendered":"Jujuy alcanz\u00f3 un total de 2261 casos positivos de coronavirus"},"content":{"rendered":"\n<p>El COE inform\u00f3 que durante este viernes se sumaron 105 muestras positivas, la mayor\u00eda de los casos pertenece a ciudad Perico.<\/p>\n\n\n\n<figure class=\"wp-block-image size-large\"><img decoding=\"async\" loading=\"lazy\" width=\"840\" height=\"473\" src=\"https:\/\/notinor.com\/jujuy\/wp-content\/uploads\/2020\/07\/Coronavirus-Enfermedades_infecciosas-Infecciones-Comunidad_de_Madrid-Ministerio_de_Sanidad-Madrid_487463344_151431252_1024x576-840x473.jpg\" alt=\"\" class=\"wp-image-256480\" srcset=\"https:\/\/notinor.com\/jujuy\/wp-content\/uploads\/2020\/07\/Coronavirus-Enfermedades_infecciosas-Infecciones-Comunidad_de_Madrid-Ministerio_de_Sanidad-Madrid_487463344_151431252_1024x576-840x473.jpg 840w, https:\/\/notinor.com\/jujuy\/wp-content\/uploads\/2020\/07\/Coronavirus-Enfermedades_infecciosas-Infecciones-Comunidad_de_Madrid-Ministerio_de_Sanidad-Madrid_487463344_151431252_1024x576-649x365.jpg 649w, https:\/\/notinor.com\/jujuy\/wp-content\/uploads\/2020\/07\/Coronavirus-Enfermedades_infecciosas-Infecciones-Comunidad_de_Madrid-Ministerio_de_Sanidad-Madrid_487463344_151431252_1024x576-768x432.jpg 768w, https:\/\/notinor.com\/jujuy\/wp-content\/uploads\/2020\/07\/Coronavirus-Enfermedades_infecciosas-Infecciones-Comunidad_de_Madrid-Ministerio_de_Sanidad-Madrid_487463344_151431252_1024x576-750x422.jpg 750w, https:\/\/notinor.com\/jujuy\/wp-content\/uploads\/2020\/07\/Coronavirus-Enfermedades_infecciosas-Infecciones-Comunidad_de_Madrid-Ministerio_de_Sanidad-Madrid_487463344_151431252_1024x576.jpg 1024w\" sizes=\"(max-width: 840px) 100vw, 840px\" \/><\/figure>\n\n\n\n<p>El Comit\u00e9 Operativo de Emergencia inform\u00f3 que este viernes se detectaron 105 casos positivos de coronavirus, por lo que el total de casos, desde el inicio de la pandemia, asciende a 2261.<\/p>\n\n\n\n<p>La ciudad con m\u00e1s contagios hoy fue Perico con 38 casos, seguida por San Salvador de Jujuy con 31 infectados  y Libertador General San Mart\u00edn con 9.<\/p>\n\n\n\n<p>Adem\u00e1s el COE resalt\u00f3 que hasta el d\u00eda de la fecha, son 520 las personas que lograron vencer a la enfermedad. 15 de ellas ya donaron plasma, hoy por primera vez en la provincia una mujer fue voluntaria.<\/p>\n\n\n\n<figure class=\"wp-block-image size-large\"><img decoding=\"async\" loading=\"lazy\" width=\"326\" height=\"480\" src=\"https:\/\/notinor.com\/jujuy\/wp-content\/uploads\/2020\/07\/FB_IMG_1596241638269-326x480.jpg\" alt=\"\" class=\"wp-image-256482\" srcset=\"https:\/\/notinor.com\/jujuy\/wp-content\/uploads\/2020\/07\/FB_IMG_1596241638269-326x480.jpg 326w, https:\/\/notinor.com\/jujuy\/wp-content\/uploads\/2020\/07\/FB_IMG_1596241638269-248x365.jpg 248w, https:\/\/notinor.com\/jujuy\/wp-content\/uploads\/2020\/07\/FB_IMG_1596241638269.jpg 720w\" sizes=\"(max-width: 326px) 100vw, 326px\" \/><\/figure>\n","protected":false},"excerpt":{"rendered":"<p>El COE inform\u00f3 que durante este viernes se sumaron 105 muestras positivas, la mayor\u00eda de los casos pertenece a ciudad Perico. El Comit\u00e9 Operativo de Emergencia inform\u00f3 que este viernes se detectaron 105 casos positivos de coronavirus, por lo que el total de casos, desde el inicio de la pandemia, asciende a 2261. La ciudad [&hellip;]<\/p>\n","protected":false},"author":37,"featured_media":256480,"comment_status":"open","ping_status":"open","sticky":false,"template":"","format":"standard","meta":{"_stopmodifiedupdate":false,"_modified_date":"","inline_featured_image":false,"spay_email":"","jetpack_publicize_message":""},"categories":[2],"tags":[],"jetpack_featured_media_url":"https:\/\/notinor.com\/jujuy\/wp-content\/uploads\/2020\/07\/Coronavirus-Enfermedades_infecciosas-Infecciones-Comunidad_de_Madrid-Ministerio_de_Sanidad-Madrid_487463344_151431252_1024x576.jpg","jetpack_publicize_connections":[],"_links":{"self":[{"href":"https:\/\/notinor.com\/jujuy\/wp-json\/wp\/v2\/posts\/256478"}],"collection":[{"href":"https:\/\/notinor.com\/jujuy\/wp-json\/wp\/v2\/posts"}],"about":[{"href":"https:\/\/notinor.com\/jujuy\/wp-json\/wp\/v2\/types\/post"}],"author":[{"embeddable":true,"href":"https:\/\/notinor.com\/jujuy\/wp-json\/wp\/v2\/users\/37"}],"replies":[{"embeddable":true,"href":"https:\/\/notinor.com\/jujuy\/wp-json\/wp\/v2\/comments?post=256478"}],"version-history":[{"count":1,"href":"https:\/\/notinor.com\/jujuy\/wp-json\/wp\/v2\/posts\/256478\/revisions"}],"predecessor-version":[{"id":256485,"href":"https:\/\/notinor.com\/jujuy\/wp-json\/wp\/v2\/posts\/256478\/revisions\/256485"}],"wp:featuredmedia":[{"embeddable":true,"href":"https:\/\/notinor.com\/jujuy\/wp-json\/wp\/v2\/media\/256480"}],"wp:attachment":[{"href":"https:\/\/notinor.com\/jujuy\/wp-json\/wp\/v2\/media?parent=256478"}],"wp:term":[{"taxonomy":"category","embeddable":true,"href":"https:\/\/notinor.com\/jujuy\/wp-json\/wp\/v2\/categories?post=256478"},{"taxonomy":"post_tag","embeddable":true,"href":"https:\/\/notinor.com\/jujuy\/wp-json\/wp\/v2\/tags?post=256478"}],"curies":[{"name":"wp","href":"https:\/\/api.w.org\/{rel}","templated":true}]}}