{"id":256471,"date":"2020-07-31T21:17:55","date_gmt":"2020-08-01T00:17:55","guid":{"rendered":"https:\/\/notinor.com\/jujuy\/?p=256471"},"modified":"2020-07-31T21:17:57","modified_gmt":"2020-08-01T00:17:57","slug":"por-primera-vez-en-jujuy-una-mujer-dono-plasma","status":"publish","type":"post","link":"https:\/\/notinor.com\/jujuy\/por-primera-vez-en-jujuy-una-mujer-dono-plasma\/","title":{"rendered":"Por primera vez en Jujuy una mujer don\u00f3 plasma"},"content":{"rendered":"\n<p>\"Toda mi admiraci\u00f3n y gratitud por su actitud solidaria\" le escribi\u00f3 el gobernador de la provincia en las redes sociales. <\/p>\n\n\n\n<figure class=\"wp-block-image size-large\"><img decoding=\"async\" loading=\"lazy\" width=\"640\" height=\"480\" src=\"https:\/\/notinor.com\/jujuy\/wp-content\/uploads\/2020\/07\/FB_IMG_1596240778769-640x480.jpg\" alt=\"\" class=\"wp-image-256472\" srcset=\"https:\/\/notinor.com\/jujuy\/wp-content\/uploads\/2020\/07\/FB_IMG_1596240778769-640x480.jpg 640w, https:\/\/notinor.com\/jujuy\/wp-content\/uploads\/2020\/07\/FB_IMG_1596240778769-487x365.jpg 487w, https:\/\/notinor.com\/jujuy\/wp-content\/uploads\/2020\/07\/FB_IMG_1596240778769.jpg 720w\" sizes=\"(max-width: 640px) 100vw, 640px\" \/><\/figure>\n\n\n\n<p>Este viernes en Jujuy se registr\u00f3 a la primer mujer recuperada de COVID-19 que don\u00f3 de manera voluntaria plasma, a fines de ayudar a quienes se encuentran en pleno tratamiento.<\/p>\n\n\n\n<p>Al respecto, el gobernador de la provincia, Gerardo Morales, se expres\u00f3 a trav\u00e9s de las redes sociales y convoc\u00f3 a los m\u00e1s de 500 recuperados a sumarse a esta iniciativa:<\/p>\n\n\n\n<blockquote class=\"wp-block-quote\"><p>Ella se recuper\u00f3 y hoy se convirti\u00f3 en la primera mujer en Jujuy en donar plasma voluntariamente. Toda mi admiraci\u00f3n y gratitud por su actitud solidaria, que servir\u00e1 para que otros pacientes tengan la oportunidad de sobrellevar mejor la enfermedad.<\/p><\/blockquote>\n\n\n\n<blockquote class=\"wp-block-quote\"><p>\u2713 Si sos una de las 520 personas recuperadas de #Coronavirus puedes donar plasma en el \u21e2 Centro Regional De Hemoterapia Jujuy.<\/p><\/blockquote>\n","protected":false},"excerpt":{"rendered":"<p>\"Toda mi admiraci\u00f3n y gratitud por su actitud solidaria\" le escribi\u00f3 el gobernador de la provincia en las redes sociales. Este viernes en Jujuy se registr\u00f3 a la primer mujer recuperada de COVID-19 que don\u00f3 de manera voluntaria plasma, a fines de ayudar a quienes se encuentran en pleno tratamiento. Al respecto, el gobernador de [&hellip;]<\/p>\n","protected":false},"author":37,"featured_media":256472,"comment_status":"open","ping_status":"open","sticky":false,"template":"","format":"standard","meta":{"_stopmodifiedupdate":false,"_modified_date":"","inline_featured_image":false,"spay_email":"","jetpack_publicize_message":""},"categories":[2],"tags":[],"jetpack_featured_media_url":"https:\/\/notinor.com\/jujuy\/wp-content\/uploads\/2020\/07\/FB_IMG_1596240778769.jpg","jetpack_publicize_connections":[],"_links":{"self":[{"href":"https:\/\/notinor.com\/jujuy\/wp-json\/wp\/v2\/posts\/256471"}],"collection":[{"href":"https:\/\/notinor.com\/jujuy\/wp-json\/wp\/v2\/posts"}],"about":[{"href":"https:\/\/notinor.com\/jujuy\/wp-json\/wp\/v2\/types\/post"}],"author":[{"embeddable":true,"href":"https:\/\/notinor.com\/jujuy\/wp-json\/wp\/v2\/users\/37"}],"replies":[{"embeddable":true,"href":"https:\/\/notinor.com\/jujuy\/wp-json\/wp\/v2\/comments?post=256471"}],"version-history":[{"count":1,"href":"https:\/\/notinor.com\/jujuy\/wp-json\/wp\/v2\/posts\/256471\/revisions"}],"predecessor-version":[{"id":256475,"href":"https:\/\/notinor.com\/jujuy\/wp-json\/wp\/v2\/posts\/256471\/revisions\/256475"}],"wp:featuredmedia":[{"embeddable":true,"href":"https:\/\/notinor.com\/jujuy\/wp-json\/wp\/v2\/media\/256472"}],"wp:attachment":[{"href":"https:\/\/notinor.com\/jujuy\/wp-json\/wp\/v2\/media?parent=256471"}],"wp:term":[{"taxonomy":"category","embeddable":true,"href":"https:\/\/notinor.com\/jujuy\/wp-json\/wp\/v2\/categories?post=256471"},{"taxonomy":"post_tag","embeddable":true,"href":"https:\/\/notinor.com\/jujuy\/wp-json\/wp\/v2\/tags?post=256471"}],"curies":[{"name":"wp","href":"https:\/\/api.w.org\/{rel}","templated":true}]}}