{"id":256467,"date":"2020-07-31T21:10:29","date_gmt":"2020-08-01T00:10:29","guid":{"rendered":"https:\/\/notinor.com\/jujuy\/?p=256467"},"modified":"2020-07-31T21:10:32","modified_gmt":"2020-08-01T00:10:32","slug":"plan-estrategico-para-contrarrestar-la-propagacion-de-contagios-de-coronavirus","status":"publish","type":"post","link":"https:\/\/notinor.com\/jujuy\/plan-estrategico-para-contrarrestar-la-propagacion-de-contagios-de-coronavirus\/","title":{"rendered":"Plan estrat\u00e9gico para contrarrestar la propagaci\u00f3n de contagios de coronavirus"},"content":{"rendered":"\n<p>Continuando con la estrategia territorial para contrarrestar la propagaci\u00f3n de la pandemia, la Ministra de Desarrollo Humano, Natalia Sarapura, junto al Jefe del Ej\u00e9rcito, Coronel Hern\u00e1n Aoki y las autoridades del municipio, recorrieron Las Pampitas y distintos barrios de la ciudad en situaci\u00f3n de vulnerabilidad en un operativo de visitas directas en cada hogar para asegurar el cumplimiento del aislamiento social estricto establecido para los pr\u00f3ximos d\u00edas, asegurar la provisi\u00f3n de alimentos esenciales para evitar que las personas tengan que salir de sus hogares, haci\u00e9ndoles entrega de insumos y m\u00f3dulos\u00a0 alimentarios a cada familia.<\/p>\n\n\n\n<figure class=\"wp-block-image size-large\"><img decoding=\"async\" loading=\"lazy\" width=\"501\" height=\"480\" src=\"https:\/\/notinor.com\/jujuy\/wp-content\/uploads\/2020\/07\/a77ea45b-4a04-4d54-a818-f21f03a32834-768x736-1-501x480.jpg\" alt=\"\" class=\"wp-image-256468\" srcset=\"https:\/\/notinor.com\/jujuy\/wp-content\/uploads\/2020\/07\/a77ea45b-4a04-4d54-a818-f21f03a32834-768x736-1-501x480.jpg 501w, https:\/\/notinor.com\/jujuy\/wp-content\/uploads\/2020\/07\/a77ea45b-4a04-4d54-a818-f21f03a32834-768x736-1-381x365.jpg 381w, https:\/\/notinor.com\/jujuy\/wp-content\/uploads\/2020\/07\/a77ea45b-4a04-4d54-a818-f21f03a32834-768x736-1-750x719.jpg 750w, https:\/\/notinor.com\/jujuy\/wp-content\/uploads\/2020\/07\/a77ea45b-4a04-4d54-a818-f21f03a32834-768x736-1.jpg 768w\" sizes=\"(max-width: 501px) 100vw, 501px\" \/><\/figure>\n\n\n\n<p>La Ministra Sarapura, expreso \u00a0\u201c<em>En Perico como en el interior de la provincia estamos trabajando ante la pandemia en tres ejes fundamentales: uno es el Plan de Adultos Mayores cuyas acciones permitieron crear una mesa de trabajo en cada municipio para operatividad las pol\u00edticas de cuidado; otra l\u00ednea es el plan de contenci\u00f3n para familias en donde hay alg\u00fan integrante con COVID-19 a quienes brindamos asistencia alimentaria y ponemos a disposici\u00f3n un equipo de psic\u00f3logos y profesionales; y sostenemos la presencia en barrios vulnerables en donde procuramos el aislamiento social y acompa\u00f1amos a las familias otorg\u00e1ndoles m\u00f3dulos alimentarios, a la vez que vamos relevando su situaci\u00f3n para profundizar la ayuda\u201d.<\/em><\/p>\n\n\n\n<figure class=\"wp-block-image size-large\"><img decoding=\"async\" loading=\"lazy\" width=\"689\" height=\"480\" src=\"https:\/\/notinor.com\/jujuy\/wp-content\/uploads\/2020\/07\/6aaf6b4b-febe-49ad-aa9f-4006d9100fd4-1024x713-1-689x480.jpg\" alt=\"\" class=\"wp-image-256469\" srcset=\"https:\/\/notinor.com\/jujuy\/wp-content\/uploads\/2020\/07\/6aaf6b4b-febe-49ad-aa9f-4006d9100fd4-1024x713-1-689x480.jpg 689w, https:\/\/notinor.com\/jujuy\/wp-content\/uploads\/2020\/07\/6aaf6b4b-febe-49ad-aa9f-4006d9100fd4-1024x713-1-524x365.jpg 524w, https:\/\/notinor.com\/jujuy\/wp-content\/uploads\/2020\/07\/6aaf6b4b-febe-49ad-aa9f-4006d9100fd4-1024x713-1-768x535.jpg 768w, https:\/\/notinor.com\/jujuy\/wp-content\/uploads\/2020\/07\/6aaf6b4b-febe-49ad-aa9f-4006d9100fd4-1024x713-1-750x522.jpg 750w, https:\/\/notinor.com\/jujuy\/wp-content\/uploads\/2020\/07\/6aaf6b4b-febe-49ad-aa9f-4006d9100fd4-1024x713-1.jpg 1024w\" sizes=\"(max-width: 689px) 100vw, 689px\" \/><\/figure>\n\n\n\n<p>Finalmente record\u00f3 a la comunidad\u00a0<em>\u201ces muy importante que en Perico podamos dimensionar el valor de cumplir con el aislamiento preventivo y poner en pr\u00e1ctica las medidas de bioseguridad ya que es una de las formas m\u00e1s efectivas de protegernos y proteger a nuestras familias y a las personas que nos rodean\u201d.<\/em><\/p>\n","protected":false},"excerpt":{"rendered":"<p>Continuando con la estrategia territorial para contrarrestar la propagaci\u00f3n de la pandemia, la Ministra de Desarrollo Humano, Natalia Sarapura, junto al Jefe del Ej\u00e9rcito, Coronel Hern\u00e1n Aoki y las autoridades del municipio, recorrieron Las Pampitas y distintos barrios de la ciudad en situaci\u00f3n de vulnerabilidad en un operativo de visitas directas en cada hogar para [&hellip;]<\/p>\n","protected":false},"author":37,"featured_media":256468,"comment_status":"open","ping_status":"open","sticky":false,"template":"","format":"standard","meta":{"_stopmodifiedupdate":false,"_modified_date":"","inline_featured_image":false,"spay_email":"","jetpack_publicize_message":""},"categories":[4],"tags":[],"jetpack_featured_media_url":"https:\/\/notinor.com\/jujuy\/wp-content\/uploads\/2020\/07\/a77ea45b-4a04-4d54-a818-f21f03a32834-768x736-1.jpg","jetpack_publicize_connections":[],"_links":{"self":[{"href":"https:\/\/notinor.com\/jujuy\/wp-json\/wp\/v2\/posts\/256467"}],"collection":[{"href":"https:\/\/notinor.com\/jujuy\/wp-json\/wp\/v2\/posts"}],"about":[{"href":"https:\/\/notinor.com\/jujuy\/wp-json\/wp\/v2\/types\/post"}],"author":[{"embeddable":true,"href":"https:\/\/notinor.com\/jujuy\/wp-json\/wp\/v2\/users\/37"}],"replies":[{"embeddable":true,"href":"https:\/\/notinor.com\/jujuy\/wp-json\/wp\/v2\/comments?post=256467"}],"version-history":[{"count":1,"href":"https:\/\/notinor.com\/jujuy\/wp-json\/wp\/v2\/posts\/256467\/revisions"}],"predecessor-version":[{"id":256470,"href":"https:\/\/notinor.com\/jujuy\/wp-json\/wp\/v2\/posts\/256467\/revisions\/256470"}],"wp:featuredmedia":[{"embeddable":true,"href":"https:\/\/notinor.com\/jujuy\/wp-json\/wp\/v2\/media\/256468"}],"wp:attachment":[{"href":"https:\/\/notinor.com\/jujuy\/wp-json\/wp\/v2\/media?parent=256467"}],"wp:term":[{"taxonomy":"category","embeddable":true,"href":"https:\/\/notinor.com\/jujuy\/wp-json\/wp\/v2\/categories?post=256467"},{"taxonomy":"post_tag","embeddable":true,"href":"https:\/\/notinor.com\/jujuy\/wp-json\/wp\/v2\/tags?post=256467"}],"curies":[{"name":"wp","href":"https:\/\/api.w.org\/{rel}","templated":true}]}}