{"id":256457,"date":"2020-07-31T21:03:02","date_gmt":"2020-08-01T00:03:02","guid":{"rendered":"https:\/\/notinor.com\/jujuy\/?p=256457"},"modified":"2022-04-28T00:16:02","modified_gmt":"2022-04-28T03:16:02","slug":"jujuy-jimenez-encontro-el-amor-en-su-provincia-natal","status":"publish","type":"post","link":"https:\/\/notinor.com\/jujuy\/jujuy-jimenez-encontro-el-amor-en-su-provincia-natal\/","title":{"rendered":"Jujuy Jim\u00e9nez \u00bfencontr\u00f3 el amor en su provincia natal?"},"content":{"rendered":"\n<p>Ella misma reconoci\u00f3 que tiene a un candidato en la mira y que, aunque sigue soltera, recibe propuestas amorosas.<\/p>\n\n\n\n<figure class=\"wp-block-image size-large\"><img decoding=\"async\" loading=\"lazy\" width=\"800\" height=\"450\" src=\"https:\/\/notinor.com\/jujuy\/wp-content\/uploads\/2020\/07\/O3HX7ES7INGWZOYR5CZPVABZLU.jpg\" alt=\"\" class=\"wp-image-256461\" srcset=\"https:\/\/notinor.com\/jujuy\/wp-content\/uploads\/2020\/07\/O3HX7ES7INGWZOYR5CZPVABZLU.jpg 800w, https:\/\/notinor.com\/jujuy\/wp-content\/uploads\/2020\/07\/O3HX7ES7INGWZOYR5CZPVABZLU-649x365.jpg 649w, https:\/\/notinor.com\/jujuy\/wp-content\/uploads\/2020\/07\/O3HX7ES7INGWZOYR5CZPVABZLU-500x280.jpg 500w, https:\/\/notinor.com\/jujuy\/wp-content\/uploads\/2020\/07\/O3HX7ES7INGWZOYR5CZPVABZLU-768x432.jpg 768w, https:\/\/notinor.com\/jujuy\/wp-content\/uploads\/2020\/07\/O3HX7ES7INGWZOYR5CZPVABZLU-750x422.jpg 750w\" sizes=\"(max-width: 800px) 100vw, 800px\" \/><\/figure>\n\n\n\n<p>Sof\u00eda \u201cJujuy\u201d Jim\u00e9nez decidi\u00f3 pasar al cuarentena junto a su familia, en su provincia natal: Jujuy. All\u00e1 comenz\u00f3 una nueva etapa en su vida y atr\u00e1s dej\u00f3 la tristeza por la relaci\u00f3n con Juan mart\u00edn del Potro que no prosper\u00f3.<div>La misma modelo revel\u00f3 p\u00fablicamente que este tiempo de aislamiento le ha servido para conectarse con ella misma y en una nota para una revista de tirada nacional confes\u00f3:\u00a0\u201cEstar ac\u00e1 es como barajar y dar de nuevo, bajar toda la informaci\u00f3n que viv\u00ed esta cuarentena. Fue muy reveladora para m\u00ed. Pude empezar a conectar conmigo verdaderamente\u201d<\/div><\/p>\n\n\n\n<p>\u201cCada vez que me pongo de novia, me entrego... Me olvido de m\u00ed. Es algo que no quiero m\u00e1s para mi vida\u201d, confi\u00f3 adem\u00e1s de admitir que no le faltan candidatos:\u00a0\u201cApareci\u00f3 Lucas, un chico con el que tuve una historia de verano hace mucho. Me mand\u00f3 un WhatsApp\u201d.<\/p>\n\n\n\n<p>En su cuenta de Instagram, la morocha promocion\u00f3 su entrevista exclusiva con el siguiente texto: \u201cANIMARSE, ANIMARSE Y ANIMARSE!!! De eso se trata me parece no? O bueno por lo menos para mi! Me animo a romper con viejos patrones. Me animo a expresarme. Me animo a son\u0303ar. Me animo a crear. Me animo a inspirar. Me animo a contagiar. Me animo a arriesgar. Me animo a ser VALIENTE! Me animo a ir siempre por un poquito ma\u0301s! Te animas a animarte? Ahre... ella queri\u0301a seguir con el jueguito de palabras...(?) Volviendo al punto, ANI\u0301MATE a avanzar SIN MIEDO\u201d.<\/p>\n","protected":false},"excerpt":{"rendered":"<p>Ella misma reconoci\u00f3 que tiene a un candidato en la mira y que, aunque sigue soltera, recibe propuestas amorosas. Sof\u00eda \u201cJujuy\u201d Jim\u00e9nez decidi\u00f3 pasar al cuarentena junto a su familia, en su provincia natal: Jujuy. All\u00e1 comenz\u00f3 una nueva etapa en su vida y atr\u00e1s dej\u00f3 la tristeza por la relaci\u00f3n con Juan mart\u00edn del [&hellip;]<\/p>\n","protected":false},"author":1,"featured_media":256461,"comment_status":"open","ping_status":"open","sticky":false,"template":"","format":"standard","meta":{"_stopmodifiedupdate":false,"_modified_date":"","inline_featured_image":false,"spay_email":"","jetpack_publicize_message":""},"categories":[21],"tags":[],"jetpack_featured_media_url":"https:\/\/notinor.com\/jujuy\/wp-content\/uploads\/2020\/07\/O3HX7ES7INGWZOYR5CZPVABZLU.jpg","jetpack_publicize_connections":[],"_links":{"self":[{"href":"https:\/\/notinor.com\/jujuy\/wp-json\/wp\/v2\/posts\/256457"}],"collection":[{"href":"https:\/\/notinor.com\/jujuy\/wp-json\/wp\/v2\/posts"}],"about":[{"href":"https:\/\/notinor.com\/jujuy\/wp-json\/wp\/v2\/types\/post"}],"author":[{"embeddable":true,"href":"https:\/\/notinor.com\/jujuy\/wp-json\/wp\/v2\/users\/1"}],"replies":[{"embeddable":true,"href":"https:\/\/notinor.com\/jujuy\/wp-json\/wp\/v2\/comments?post=256457"}],"version-history":[{"count":1,"href":"https:\/\/notinor.com\/jujuy\/wp-json\/wp\/v2\/posts\/256457\/revisions"}],"predecessor-version":[{"id":256464,"href":"https:\/\/notinor.com\/jujuy\/wp-json\/wp\/v2\/posts\/256457\/revisions\/256464"}],"wp:featuredmedia":[{"embeddable":true,"href":"https:\/\/notinor.com\/jujuy\/wp-json\/wp\/v2\/media\/256461"}],"wp:attachment":[{"href":"https:\/\/notinor.com\/jujuy\/wp-json\/wp\/v2\/media?parent=256457"}],"wp:term":[{"taxonomy":"category","embeddable":true,"href":"https:\/\/notinor.com\/jujuy\/wp-json\/wp\/v2\/categories?post=256457"},{"taxonomy":"post_tag","embeddable":true,"href":"https:\/\/notinor.com\/jujuy\/wp-json\/wp\/v2\/tags?post=256457"}],"curies":[{"name":"wp","href":"https:\/\/api.w.org\/{rel}","templated":true}]}}