{"id":256452,"date":"2020-07-31T20:57:45","date_gmt":"2020-07-31T23:57:45","guid":{"rendered":"https:\/\/notinor.com\/jujuy\/?p=256452"},"modified":"2020-07-31T20:57:48","modified_gmt":"2020-07-31T23:57:48","slug":"previo-al-aislamiento-total-asi-se-encontraba-la-capital-jujena-esta-tarde","status":"publish","type":"post","link":"https:\/\/notinor.com\/jujuy\/previo-al-aislamiento-total-asi-se-encontraba-la-capital-jujena-esta-tarde\/","title":{"rendered":"Previo al aislamiento total, as\u00ed se encontraba la capital juje\u00f1a esta tarde"},"content":{"rendered":"\n<p>Este fin de semana no podr\u00e1n circular personas y todos los comercios estar\u00e1n cerrados, solo abrir\u00e1n las farmacias y por eso algunos juje\u00f1os aprovecharon la tarde del viernes para abastecerse de todo lo necesario. <\/p>\n\n\n\n<figure class=\"wp-block-image size-large\"><img decoding=\"async\" loading=\"lazy\" width=\"840\" height=\"455\" src=\"https:\/\/notinor.com\/jujuy\/wp-content\/uploads\/2020\/07\/PicsArt_07-31-08.46.13-840x455.jpg\" alt=\"\" class=\"wp-image-256453\" srcset=\"https:\/\/notinor.com\/jujuy\/wp-content\/uploads\/2020\/07\/PicsArt_07-31-08.46.13-840x455.jpg 840w, https:\/\/notinor.com\/jujuy\/wp-content\/uploads\/2020\/07\/PicsArt_07-31-08.46.13-660x358.jpg 660w, https:\/\/notinor.com\/jujuy\/wp-content\/uploads\/2020\/07\/PicsArt_07-31-08.46.13-768x416.jpg 768w, https:\/\/notinor.com\/jujuy\/wp-content\/uploads\/2020\/07\/PicsArt_07-31-08.46.13-1536x833.jpg 1536w, https:\/\/notinor.com\/jujuy\/wp-content\/uploads\/2020\/07\/PicsArt_07-31-08.46.13-2048x1110.jpg 2048w, https:\/\/notinor.com\/jujuy\/wp-content\/uploads\/2020\/07\/PicsArt_07-31-08.46.13-750x407.jpg 750w, https:\/\/notinor.com\/jujuy\/wp-content\/uploads\/2020\/07\/PicsArt_07-31-08.46.13-1140x618.jpg 1140w\" sizes=\"(max-width: 840px) 100vw, 840px\" \/><\/figure>\n\n\n\n<p>Por disposici\u00f3n del COE, este fin de semana en toda la provincia habr\u00e1 cuarentena total, por lo que solo las farmacias podr\u00e1n atender al p\u00fablico y quienes asistan deber\u00e1n hacerlo con receta en mano.<\/p>\n\n\n\n<p>Habr\u00e1 controles estrictos en puntos estrat\u00e9gicos de todo el territorio provincial y se multar\u00e1 con sumas muy altas a quienes incumplan con el r\u00e9gimen. <\/p>\n\n\n\n<figure class=\"wp-block-image size-large\"><img decoding=\"async\" loading=\"lazy\" width=\"758\" height=\"480\" src=\"https:\/\/notinor.com\/jujuy\/wp-content\/uploads\/2020\/07\/PicsArt_07-31-08.47.43-758x480.jpg\" alt=\"\" class=\"wp-image-256458\" srcset=\"https:\/\/notinor.com\/jujuy\/wp-content\/uploads\/2020\/07\/PicsArt_07-31-08.47.43-758x480.jpg 758w, https:\/\/notinor.com\/jujuy\/wp-content\/uploads\/2020\/07\/PicsArt_07-31-08.47.43-577x365.jpg 577w, https:\/\/notinor.com\/jujuy\/wp-content\/uploads\/2020\/07\/PicsArt_07-31-08.47.43-768x486.jpg 768w, https:\/\/notinor.com\/jujuy\/wp-content\/uploads\/2020\/07\/PicsArt_07-31-08.47.43-1536x972.jpg 1536w, https:\/\/notinor.com\/jujuy\/wp-content\/uploads\/2020\/07\/PicsArt_07-31-08.47.43-2048x1296.jpg 2048w, https:\/\/notinor.com\/jujuy\/wp-content\/uploads\/2020\/07\/PicsArt_07-31-08.47.43-750x475.jpg 750w, https:\/\/notinor.com\/jujuy\/wp-content\/uploads\/2020\/07\/PicsArt_07-31-08.47.43-1140x722.jpg 1140w\" sizes=\"(max-width: 758px) 100vw, 758px\" \/><\/figure>\n\n\n\n<p>Desde la municipalidad capitalina informaron que clausurar\u00e1n preventivamente a todo comercio que abra sus puertas este s\u00e1bado o domingo. Los operativos de seguridad estar\u00e1n en el casco c\u00e9ntrico y en los barrios.<\/p>\n\n\n\n<p>Por tal motivo, hubo cierto movimiento este viernes, de personas que salieron a realizar distintas compras. Durante el mediod\u00eda y la siesta, la circulaci\u00f3n fue pr\u00e1cticamente nula, pero hacia la noche se produjeron aglomeraciones sobre todo en supermercados.<\/p>\n\n\n\n<figure class=\"wp-block-embed-youtube wp-block-embed is-type-video is-provider-youtube wp-embed-aspect-16-9 wp-has-aspect-ratio\"><div class=\"wp-block-embed__wrapper\">\n<div class=\"jeg_video_container jeg_video_content\"><iframe loading=\"lazy\" title=\"movimiento en las calles de Jujuy\" width=\"500\" height=\"281\" src=\"https:\/\/www.youtube.com\/embed\/PyNpE0NygYc?feature=oembed\" frameborder=\"0\" allow=\"accelerometer; autoplay; encrypted-media; gyroscope; picture-in-picture\" allowfullscreen><\/iframe><\/div>\n<\/div><\/figure>\n","protected":false},"excerpt":{"rendered":"<p>Este fin de semana no podr\u00e1n circular personas y todos los comercios estar\u00e1n cerrados, solo abrir\u00e1n las farmacias y por eso algunos juje\u00f1os aprovecharon la tarde del viernes para abastecerse de todo lo necesario. Por disposici\u00f3n del COE, este fin de semana en toda la provincia habr\u00e1 cuarentena total, por lo que solo las farmacias [&hellip;]<\/p>\n","protected":false},"author":37,"featured_media":256458,"comment_status":"open","ping_status":"open","sticky":false,"template":"","format":"standard","meta":{"_stopmodifiedupdate":false,"_modified_date":"","inline_featured_image":false,"spay_email":"","jetpack_publicize_message":""},"categories":[2],"tags":[],"jetpack_featured_media_url":"https:\/\/notinor.com\/jujuy\/wp-content\/uploads\/2020\/07\/PicsArt_07-31-08.47.43-scaled.jpg","jetpack_publicize_connections":[],"_links":{"self":[{"href":"https:\/\/notinor.com\/jujuy\/wp-json\/wp\/v2\/posts\/256452"}],"collection":[{"href":"https:\/\/notinor.com\/jujuy\/wp-json\/wp\/v2\/posts"}],"about":[{"href":"https:\/\/notinor.com\/jujuy\/wp-json\/wp\/v2\/types\/post"}],"author":[{"embeddable":true,"href":"https:\/\/notinor.com\/jujuy\/wp-json\/wp\/v2\/users\/37"}],"replies":[{"embeddable":true,"href":"https:\/\/notinor.com\/jujuy\/wp-json\/wp\/v2\/comments?post=256452"}],"version-history":[{"count":1,"href":"https:\/\/notinor.com\/jujuy\/wp-json\/wp\/v2\/posts\/256452\/revisions"}],"predecessor-version":[{"id":256459,"href":"https:\/\/notinor.com\/jujuy\/wp-json\/wp\/v2\/posts\/256452\/revisions\/256459"}],"wp:featuredmedia":[{"embeddable":true,"href":"https:\/\/notinor.com\/jujuy\/wp-json\/wp\/v2\/media\/256458"}],"wp:attachment":[{"href":"https:\/\/notinor.com\/jujuy\/wp-json\/wp\/v2\/media?parent=256452"}],"wp:term":[{"taxonomy":"category","embeddable":true,"href":"https:\/\/notinor.com\/jujuy\/wp-json\/wp\/v2\/categories?post=256452"},{"taxonomy":"post_tag","embeddable":true,"href":"https:\/\/notinor.com\/jujuy\/wp-json\/wp\/v2\/tags?post=256452"}],"curies":[{"name":"wp","href":"https:\/\/api.w.org\/{rel}","templated":true}]}}