{"id":256448,"date":"2020-07-31T21:34:07","date_gmt":"2020-08-01T00:34:07","guid":{"rendered":"https:\/\/notinor.com\/jujuy\/?p=256448"},"modified":"2020-07-31T21:36:37","modified_gmt":"2020-08-01T00:36:37","slug":"gran-concurrencia-en-la-previa-a-la-cuarentena-estricta","status":"publish","type":"post","link":"https:\/\/notinor.com\/jujuy\/gran-concurrencia-en-la-previa-a-la-cuarentena-estricta\/","title":{"rendered":"Gran concurrencia en la previa a la cuarentena estricta"},"content":{"rendered":"\n<p>Ma\u00f1ana y el domingo se mantendr\u00e1 la Fase 1 de manera estricta, por tal motivo muchas personas salieron hoy a abastecerse para el fin de semana.<\/p>\n\n\n\n<figure class=\"wp-block-image size-large\"><img decoding=\"async\" loading=\"lazy\" width=\"840\" height=\"473\" src=\"https:\/\/notinor.com\/jujuy\/wp-content\/uploads\/2020\/07\/WhatsApp-Image-2020-07-31-at-7.28.40-PM-1-840x473.jpeg\" alt=\"\" class=\"wp-image-256449\" srcset=\"https:\/\/notinor.com\/jujuy\/wp-content\/uploads\/2020\/07\/WhatsApp-Image-2020-07-31-at-7.28.40-PM-1-840x473.jpeg 840w, https:\/\/notinor.com\/jujuy\/wp-content\/uploads\/2020\/07\/WhatsApp-Image-2020-07-31-at-7.28.40-PM-1-648x365.jpeg 648w, https:\/\/notinor.com\/jujuy\/wp-content\/uploads\/2020\/07\/WhatsApp-Image-2020-07-31-at-7.28.40-PM-1-768x432.jpeg 768w, https:\/\/notinor.com\/jujuy\/wp-content\/uploads\/2020\/07\/WhatsApp-Image-2020-07-31-at-7.28.40-PM-1-750x422.jpeg 750w, https:\/\/notinor.com\/jujuy\/wp-content\/uploads\/2020\/07\/WhatsApp-Image-2020-07-31-at-7.28.40-PM-1.jpeg 1032w\" sizes=\"(max-width: 840px) 100vw, 840px\" \/><\/figure>\n\n\n\n<p>Los casos de coronavirus contin\u00faan aumentando en la provincia y en la jornada de hoy la provincia alcanz\u00f3 los 2261 contagios. Para intentar contener la curva de infectados, el Gobierno Provincial dispuso que este fin de semana la cuarentena se haga de manera estricta.<\/p>\n\n\n\n<p>Por tal motivo muchos ciudadanos salieron hoy, viernes, a abastecerse de los elementos necesarios teniendo en cuenta que el <strong>s\u00e1bado y domingo cerrar\u00e1n incluso los almacenes cercanos.<\/strong><\/p>\n\n\n\n<p>Bajo este contexto <strong>vecinos del barrio Alto Comedero se acercaron en gran medida a la \"feria chica\" y al supermercado<\/strong>, ubicado sobre avenida Carlos Undiano, para realizar sus compras. Desde las autoridades del COE, encargadas de verificar que se cumplan los protocolos, informaron que la jornada fue intensa durante todo el d\u00eda con una gran concurrencia de gente.<\/p>\n\n\n\n<p>Cabe recordar que a partir de las 00:00 del s\u00e1bado hasta el lunes 3 de agosto, comenzar\u00e1 a regir el aislamiento estricto, de modo que \u00fanicamente permanecer\u00e1n abiertas las farmacias y podr\u00e1n trabajar aquellos comercios que dispongan de servicio de delivery.<\/p>\n\n\n\n<figure class=\"wp-block-image size-large\"><img decoding=\"async\" loading=\"lazy\" width=\"840\" height=\"473\" src=\"https:\/\/notinor.com\/jujuy\/wp-content\/uploads\/2020\/07\/WhatsApp-Image-2020-07-31-at-7.28.40-PM-840x473.jpeg\" alt=\"\" class=\"wp-image-256479\" srcset=\"https:\/\/notinor.com\/jujuy\/wp-content\/uploads\/2020\/07\/WhatsApp-Image-2020-07-31-at-7.28.40-PM-840x473.jpeg 840w, https:\/\/notinor.com\/jujuy\/wp-content\/uploads\/2020\/07\/WhatsApp-Image-2020-07-31-at-7.28.40-PM-648x365.jpeg 648w, https:\/\/notinor.com\/jujuy\/wp-content\/uploads\/2020\/07\/WhatsApp-Image-2020-07-31-at-7.28.40-PM-768x432.jpeg 768w, https:\/\/notinor.com\/jujuy\/wp-content\/uploads\/2020\/07\/WhatsApp-Image-2020-07-31-at-7.28.40-PM-750x422.jpeg 750w, https:\/\/notinor.com\/jujuy\/wp-content\/uploads\/2020\/07\/WhatsApp-Image-2020-07-31-at-7.28.40-PM.jpeg 1032w\" sizes=\"(max-width: 840px) 100vw, 840px\" \/><\/figure>\n\n\n\n<figure class=\"wp-block-image size-large\"><img decoding=\"async\" loading=\"lazy\" width=\"840\" height=\"473\" src=\"https:\/\/notinor.com\/jujuy\/wp-content\/uploads\/2020\/07\/WhatsApp-Image-2020-07-31-at-7.27.40-PM-840x473.jpeg\" alt=\"\" class=\"wp-image-256481\" srcset=\"https:\/\/notinor.com\/jujuy\/wp-content\/uploads\/2020\/07\/WhatsApp-Image-2020-07-31-at-7.27.40-PM-840x473.jpeg 840w, https:\/\/notinor.com\/jujuy\/wp-content\/uploads\/2020\/07\/WhatsApp-Image-2020-07-31-at-7.27.40-PM-648x365.jpeg 648w, https:\/\/notinor.com\/jujuy\/wp-content\/uploads\/2020\/07\/WhatsApp-Image-2020-07-31-at-7.27.40-PM-768x432.jpeg 768w, https:\/\/notinor.com\/jujuy\/wp-content\/uploads\/2020\/07\/WhatsApp-Image-2020-07-31-at-7.27.40-PM-750x422.jpeg 750w, https:\/\/notinor.com\/jujuy\/wp-content\/uploads\/2020\/07\/WhatsApp-Image-2020-07-31-at-7.27.40-PM.jpeg 1032w\" sizes=\"(max-width: 840px) 100vw, 840px\" \/><\/figure>\n\n\n\n<figure class=\"wp-block-image size-large\"><img decoding=\"async\" loading=\"lazy\" width=\"840\" height=\"473\" src=\"https:\/\/notinor.com\/jujuy\/wp-content\/uploads\/2020\/07\/WhatsApp-Image-2020-07-31-at-7.28.40-PM-2-840x473.jpeg\" alt=\"\" class=\"wp-image-256483\" srcset=\"https:\/\/notinor.com\/jujuy\/wp-content\/uploads\/2020\/07\/WhatsApp-Image-2020-07-31-at-7.28.40-PM-2-840x473.jpeg 840w, https:\/\/notinor.com\/jujuy\/wp-content\/uploads\/2020\/07\/WhatsApp-Image-2020-07-31-at-7.28.40-PM-2-648x365.jpeg 648w, https:\/\/notinor.com\/jujuy\/wp-content\/uploads\/2020\/07\/WhatsApp-Image-2020-07-31-at-7.28.40-PM-2-768x432.jpeg 768w, https:\/\/notinor.com\/jujuy\/wp-content\/uploads\/2020\/07\/WhatsApp-Image-2020-07-31-at-7.28.40-PM-2-750x422.jpeg 750w, https:\/\/notinor.com\/jujuy\/wp-content\/uploads\/2020\/07\/WhatsApp-Image-2020-07-31-at-7.28.40-PM-2.jpeg 1032w\" sizes=\"(max-width: 840px) 100vw, 840px\" \/><\/figure>\n","protected":false},"excerpt":{"rendered":"<p>Ma\u00f1ana y el domingo se mantendr\u00e1 la Fase 1 de manera estricta, por tal motivo muchas personas salieron hoy a abastecerse para el fin de semana. Los casos de coronavirus contin\u00faan aumentando en la provincia y en la jornada de hoy la provincia alcanz\u00f3 los 2261 contagios. Para intentar contener la curva de infectados, el [&hellip;]<\/p>\n","protected":false},"author":1,"featured_media":256449,"comment_status":"open","ping_status":"open","sticky":false,"template":"","format":"standard","meta":{"_stopmodifiedupdate":false,"_modified_date":"","inline_featured_image":false,"spay_email":"","jetpack_publicize_message":""},"categories":[2],"tags":[],"jetpack_featured_media_url":"https:\/\/notinor.com\/jujuy\/wp-content\/uploads\/2020\/07\/WhatsApp-Image-2020-07-31-at-7.28.40-PM-1.jpeg","jetpack_publicize_connections":[],"_links":{"self":[{"href":"https:\/\/notinor.com\/jujuy\/wp-json\/wp\/v2\/posts\/256448"}],"collection":[{"href":"https:\/\/notinor.com\/jujuy\/wp-json\/wp\/v2\/posts"}],"about":[{"href":"https:\/\/notinor.com\/jujuy\/wp-json\/wp\/v2\/types\/post"}],"author":[{"embeddable":true,"href":"https:\/\/notinor.com\/jujuy\/wp-json\/wp\/v2\/users\/1"}],"replies":[{"embeddable":true,"href":"https:\/\/notinor.com\/jujuy\/wp-json\/wp\/v2\/comments?post=256448"}],"version-history":[{"count":2,"href":"https:\/\/notinor.com\/jujuy\/wp-json\/wp\/v2\/posts\/256448\/revisions"}],"predecessor-version":[{"id":256486,"href":"https:\/\/notinor.com\/jujuy\/wp-json\/wp\/v2\/posts\/256448\/revisions\/256486"}],"wp:featuredmedia":[{"embeddable":true,"href":"https:\/\/notinor.com\/jujuy\/wp-json\/wp\/v2\/media\/256449"}],"wp:attachment":[{"href":"https:\/\/notinor.com\/jujuy\/wp-json\/wp\/v2\/media?parent=256448"}],"wp:term":[{"taxonomy":"category","embeddable":true,"href":"https:\/\/notinor.com\/jujuy\/wp-json\/wp\/v2\/categories?post=256448"},{"taxonomy":"post_tag","embeddable":true,"href":"https:\/\/notinor.com\/jujuy\/wp-json\/wp\/v2\/tags?post=256448"}],"curies":[{"name":"wp","href":"https:\/\/api.w.org\/{rel}","templated":true}]}}