{"id":256381,"date":"2020-07-31T10:29:57","date_gmt":"2020-07-31T13:29:57","guid":{"rendered":"https:\/\/notinor.com\/jujuy\/?p=256381"},"modified":"2020-07-31T10:30:00","modified_gmt":"2020-07-31T13:30:00","slug":"una-nina-victima-de-abuso-sexual-declaro-por-videoconferencia-ante-la-imposibilidad-de-realizar-la-camara-gesell","status":"publish","type":"post","link":"https:\/\/notinor.com\/jujuy\/una-nina-victima-de-abuso-sexual-declaro-por-videoconferencia-ante-la-imposibilidad-de-realizar-la-camara-gesell\/","title":{"rendered":"Una ni\u00f1a v\u00edctima de abuso sexual declar\u00f3 por videoconferencia ante la imposibilidad de realizar la C\u00e1mara Gesell"},"content":{"rendered":"\n<p>Por el escenario sanitario de la provincia, la ni\u00f1a declar\u00f3 desde una localidad pune\u00f1a, mientras que los agentes estuvieron en oficinas del Ministerio P\u00fablico de Acusaci\u00f3n en capital.<\/p>\n\n\n\n<figure class=\"wp-block-image size-large\"><img decoding=\"async\" loading=\"lazy\" width=\"720\" height=\"480\" src=\"https:\/\/notinor.com\/jujuy\/wp-content\/uploads\/2020\/07\/UN0314534-720x480.jpg\" alt=\"\" class=\"wp-image-256385\" srcset=\"https:\/\/notinor.com\/jujuy\/wp-content\/uploads\/2020\/07\/UN0314534-720x480.jpg 720w, https:\/\/notinor.com\/jujuy\/wp-content\/uploads\/2020\/07\/UN0314534-548x365.jpg 548w, https:\/\/notinor.com\/jujuy\/wp-content\/uploads\/2020\/07\/UN0314534-750x500.jpg 750w, https:\/\/notinor.com\/jujuy\/wp-content\/uploads\/2020\/07\/UN0314534.jpg 765w\" sizes=\"(max-width: 720px) 100vw, 720px\" \/><\/figure>\n\n\n\n<p>Una menor de edad que fue v\u00edctima de un abuso sexual en una localidad en la Puna, prest\u00f3 declaraci\u00f3n ante la justicia a trav\u00e9s de un sistema de videoconferencia. La audiencia se dio en contexto de la Investigaci\u00f3n Penal Preparatoria y fue receptada  por la psic\u00f3loga del hospital \"Jorge Uro\" de La Quiaca, Natalia Moscoso.<\/p>\n\n\n\n<p>Esta determinaci\u00f3n la tom\u00f3 la Fiscal\u00eda General del Ministerio P\u00fablico de Acusaci\u00f3n, teniendo en cuenta la imposibilidad de los traslados y los riesgos en \u00e9poca de pandemia. Cabe recordar que en todo territorio provincial rige la Fase 1 de la cuarentena estricta. <\/p>\n\n\n\n<p>En el sistema que reemplaz\u00f3 en esta oportunidad a la Camara Gesell, particip\u00f3 el titular de la Unidad Fiscal Especializada en Violencia Familiar, de G\u00e9nero y de Delitos Contra la Integridad Sexual, Alejandro Bossatti. Tambi\u00e9n estuvo presente la defensora de Ni\u00f1os, Ni\u00f1as, Adolescentes e Incapaces, Mariela Meyer, y la defensa del acusado.<\/p>\n\n\n\n<p>Para proteger a la v\u00edctima, el MPA implement\u00f3 todos los cuidados necesarios, como la grabaci\u00f3n \"in situ\" de la declaraci\u00f3n, realizada por el ayudante de fiscal, Luis Miguel Cavanna, la cual se incorporar\u00e1 al legajo en formato digital.<\/p>\n","protected":false},"excerpt":{"rendered":"<p>Por el escenario sanitario de la provincia, la ni\u00f1a declar\u00f3 desde una localidad pune\u00f1a, mientras que los agentes estuvieron en oficinas del Ministerio P\u00fablico de Acusaci\u00f3n en capital. Una menor de edad que fue v\u00edctima de un abuso sexual en una localidad en la Puna, prest\u00f3 declaraci\u00f3n ante la justicia a trav\u00e9s de un sistema [&hellip;]<\/p>\n","protected":false},"author":37,"featured_media":256385,"comment_status":"open","ping_status":"open","sticky":false,"template":"","format":"standard","meta":{"_stopmodifiedupdate":false,"_modified_date":"","inline_featured_image":false,"spay_email":"","jetpack_publicize_message":""},"categories":[3],"tags":[],"jetpack_featured_media_url":"https:\/\/notinor.com\/jujuy\/wp-content\/uploads\/2020\/07\/UN0314534.jpg","jetpack_publicize_connections":[],"_links":{"self":[{"href":"https:\/\/notinor.com\/jujuy\/wp-json\/wp\/v2\/posts\/256381"}],"collection":[{"href":"https:\/\/notinor.com\/jujuy\/wp-json\/wp\/v2\/posts"}],"about":[{"href":"https:\/\/notinor.com\/jujuy\/wp-json\/wp\/v2\/types\/post"}],"author":[{"embeddable":true,"href":"https:\/\/notinor.com\/jujuy\/wp-json\/wp\/v2\/users\/37"}],"replies":[{"embeddable":true,"href":"https:\/\/notinor.com\/jujuy\/wp-json\/wp\/v2\/comments?post=256381"}],"version-history":[{"count":1,"href":"https:\/\/notinor.com\/jujuy\/wp-json\/wp\/v2\/posts\/256381\/revisions"}],"predecessor-version":[{"id":256387,"href":"https:\/\/notinor.com\/jujuy\/wp-json\/wp\/v2\/posts\/256381\/revisions\/256387"}],"wp:featuredmedia":[{"embeddable":true,"href":"https:\/\/notinor.com\/jujuy\/wp-json\/wp\/v2\/media\/256385"}],"wp:attachment":[{"href":"https:\/\/notinor.com\/jujuy\/wp-json\/wp\/v2\/media?parent=256381"}],"wp:term":[{"taxonomy":"category","embeddable":true,"href":"https:\/\/notinor.com\/jujuy\/wp-json\/wp\/v2\/categories?post=256381"},{"taxonomy":"post_tag","embeddable":true,"href":"https:\/\/notinor.com\/jujuy\/wp-json\/wp\/v2\/tags?post=256381"}],"curies":[{"name":"wp","href":"https:\/\/api.w.org\/{rel}","templated":true}]}}