{"id":256374,"date":"2020-07-31T10:03:41","date_gmt":"2020-07-31T13:03:41","guid":{"rendered":"https:\/\/notinor.com\/jujuy\/?p=256374"},"modified":"2020-07-31T10:03:44","modified_gmt":"2020-07-31T13:03:44","slug":"diferentes-operativos-para-mejorar-la-circulacion-peatonal","status":"publish","type":"post","link":"https:\/\/notinor.com\/jujuy\/diferentes-operativos-para-mejorar-la-circulacion-peatonal\/","title":{"rendered":"Diferentes operativos para mejorar la circulaci\u00f3n peatonal"},"content":{"rendered":"\n<p>La direcci\u00f3n de Tr\u00e1nsito y Trasporte, dependiente de la secretar\u00eda de Servicios P\u00fablicos, contin\u00faa con diversos operativos de tr\u00e1nsito en distintos lugares de la ciudad, con el objetivo de mejorar la circulaci\u00f3n peatonal y vehicular durante la actual pandemia de Covid-19.<\/p>\n\n\n\n<figure class=\"wp-block-image size-large\"><img decoding=\"async\" loading=\"lazy\" width=\"641\" height=\"480\" src=\"https:\/\/notinor.com\/jujuy\/wp-content\/uploads\/2020\/07\/CIRCULACION-641x480.jpeg\" alt=\"\" class=\"wp-image-256376\" srcset=\"https:\/\/notinor.com\/jujuy\/wp-content\/uploads\/2020\/07\/CIRCULACION-641x480.jpeg 641w, https:\/\/notinor.com\/jujuy\/wp-content\/uploads\/2020\/07\/CIRCULACION-487x365.jpeg 487w, https:\/\/notinor.com\/jujuy\/wp-content\/uploads\/2020\/07\/CIRCULACION.jpeg 750w\" sizes=\"(max-width: 641px) 100vw, 641px\" \/><\/figure>\n\n\n\n<p>Sobre este tema, el director general de Tr\u00e1nsito y Trasporte, Fernando Fr\u00edas,&nbsp; declar\u00f3 que \u201cde acuerdo con lo dispuesto por el COE Municipal, la secretar\u00eda de Servicios P\u00fablicos consider\u00f3 oportuno intervenir, jueves y viernes a partir de las 7 de la ma\u00f1ana hasta el cierre de los comercios, en el barrio Malvinas a raz\u00f3n de la gran cantidad de comercios que hay en el sector, especialmente entre calle Mej\u00edas entre Vespucio y Pablo Arrollo, donde se procedi\u00f3 a convertir en un \u00e1rea peatonal\u201d. Adem\u00e1s se colocaron vallas en la mitad de la calzada para separar a los peatones que deben circular por la derecha y por la izquierda.<\/p>\n\n\n\n<p>Personal del COE municipal acompa\u00f1a a los agentes de Tr\u00e1nsito para que se respete el distanciamiento social, uso de barbijo y los sentidos de circulaci\u00f3n de las personas. Fr\u00edas recomend\u00f3 seguir con las indicaciones del personal municipal afectado a este importante operativo.<\/p>\n\n\n\n<p>Simult\u00e1neamente, en otro sector de la Capital, se contin\u00faa trabajando en el casco c\u00e9ntrico, en calle G\u00fcemes, entre Patricias Argentinas y Ram\u00edrez de Velazco, como tambi\u00e9n en la ampliaci\u00f3n de la vereda de calle G\u00fcemes entre Necochea y Balcarce, debido a la gran cantidad de gente que se acerc\u00f3 a los cajeros.<\/p>\n\n\n\n<p>Se procedi\u00f3 al despeje de calle Necochea entre G\u00fcemes y Alvear y en calle La Madrid entre G\u00fcemes y Alvear se cort\u00f3 el tr\u00e1nsito.<\/p>\n\n\n\n<p>Por esta raz\u00f3n, desde la direcci\u00f3n general de Tr\u00e1nsito y Transporte se solicit\u00f3 m\u00e1xima responsabilidad a los peatones y conductores.<\/p>\n","protected":false},"excerpt":{"rendered":"<p>La direcci\u00f3n de Tr\u00e1nsito y Trasporte, dependiente de la secretar\u00eda de Servicios P\u00fablicos, contin\u00faa con diversos operativos de tr\u00e1nsito en distintos lugares de la ciudad, con el objetivo de mejorar la circulaci\u00f3n peatonal y vehicular durante la actual pandemia de Covid-19. Sobre este tema, el director general de Tr\u00e1nsito y Trasporte, Fernando Fr\u00edas,&nbsp; declar\u00f3 que [&hellip;]<\/p>\n","protected":false},"author":5,"featured_media":256375,"comment_status":"open","ping_status":"open","sticky":false,"template":"","format":"standard","meta":{"_stopmodifiedupdate":false,"_modified_date":"","inline_featured_image":false,"spay_email":"","jetpack_publicize_message":""},"categories":[514],"tags":[],"jetpack_featured_media_url":"https:\/\/notinor.com\/jujuy\/wp-content\/uploads\/2020\/07\/CIRCULACION1.jpeg","jetpack_publicize_connections":[],"_links":{"self":[{"href":"https:\/\/notinor.com\/jujuy\/wp-json\/wp\/v2\/posts\/256374"}],"collection":[{"href":"https:\/\/notinor.com\/jujuy\/wp-json\/wp\/v2\/posts"}],"about":[{"href":"https:\/\/notinor.com\/jujuy\/wp-json\/wp\/v2\/types\/post"}],"author":[{"embeddable":true,"href":"https:\/\/notinor.com\/jujuy\/wp-json\/wp\/v2\/users\/5"}],"replies":[{"embeddable":true,"href":"https:\/\/notinor.com\/jujuy\/wp-json\/wp\/v2\/comments?post=256374"}],"version-history":[{"count":1,"href":"https:\/\/notinor.com\/jujuy\/wp-json\/wp\/v2\/posts\/256374\/revisions"}],"predecessor-version":[{"id":256377,"href":"https:\/\/notinor.com\/jujuy\/wp-json\/wp\/v2\/posts\/256374\/revisions\/256377"}],"wp:featuredmedia":[{"embeddable":true,"href":"https:\/\/notinor.com\/jujuy\/wp-json\/wp\/v2\/media\/256375"}],"wp:attachment":[{"href":"https:\/\/notinor.com\/jujuy\/wp-json\/wp\/v2\/media?parent=256374"}],"wp:term":[{"taxonomy":"category","embeddable":true,"href":"https:\/\/notinor.com\/jujuy\/wp-json\/wp\/v2\/categories?post=256374"},{"taxonomy":"post_tag","embeddable":true,"href":"https:\/\/notinor.com\/jujuy\/wp-json\/wp\/v2\/tags?post=256374"}],"curies":[{"name":"wp","href":"https:\/\/api.w.org\/{rel}","templated":true}]}}