{"id":256372,"date":"2020-07-31T09:15:28","date_gmt":"2020-07-31T12:15:28","guid":{"rendered":"https:\/\/notinor.com\/jujuy\/?p=256372"},"modified":"2020-07-31T09:58:31","modified_gmt":"2020-07-31T12:58:31","slug":"arroyo-eduardo-gabriel","status":"publish","type":"post","link":"https:\/\/notinor.com\/jujuy\/arroyo-eduardo-gabriel\/","title":{"rendered":"ARROYO, Eduardo Gabriel"},"content":{"rendered":"\n<p><strong> Falleci\u00f3 el d\u00eda 29 de julio de 2020. C.A.S.R. y B.P., a la edad de 53 a\u00f1os. Sus hijos: Ezequiel y Mar\u00eda Arroyo; su madre: Teresa Fern\u00e1ndez; sus hermanos: Adrian y Gabriela Arroyo; su sobrino: Mat\u00edas; sus primos; sus nietos y dem\u00e1s familiares comunican que sus restos mortales ser\u00e1n inhumados 31 de Julio en el cementerio parque Jard\u00edn del Castillo. Servicio Previsi\u00f3n Social SRL, Av. H. Irigoyen 1160, S.S de Jujuy. Tel. 4224305.<\/strong><\/p>\n","protected":false},"excerpt":{"rendered":"<p>Falleci\u00f3 el d\u00eda 29 de julio de 2020. C.A.S.R. y B.P., a la edad de 53 a\u00f1os. Sus hijos: Ezequiel y Mar\u00eda Arroyo; su madre: Teresa Fern\u00e1ndez; sus hermanos: Adrian y Gabriela Arroyo; su sobrino: Mat\u00edas; sus primos; sus nietos y dem\u00e1s familiares comunican que sus restos mortales ser\u00e1n inhumados 31 de Julio en el [&hellip;]<\/p>\n","protected":false},"author":5,"featured_media":130005,"comment_status":"open","ping_status":"open","sticky":false,"template":"","format":"standard","meta":{"_stopmodifiedupdate":false,"_modified_date":"","inline_featured_image":false,"spay_email":"","jetpack_publicize_message":""},"categories":[523],"tags":[],"jetpack_featured_media_url":"https:\/\/notinor.com\/jujuy\/wp-content\/uploads\/2017\/08\/Obituarios-1.jpg","jetpack_publicize_connections":[],"_links":{"self":[{"href":"https:\/\/notinor.com\/jujuy\/wp-json\/wp\/v2\/posts\/256372"}],"collection":[{"href":"https:\/\/notinor.com\/jujuy\/wp-json\/wp\/v2\/posts"}],"about":[{"href":"https:\/\/notinor.com\/jujuy\/wp-json\/wp\/v2\/types\/post"}],"author":[{"embeddable":true,"href":"https:\/\/notinor.com\/jujuy\/wp-json\/wp\/v2\/users\/5"}],"replies":[{"embeddable":true,"href":"https:\/\/notinor.com\/jujuy\/wp-json\/wp\/v2\/comments?post=256372"}],"version-history":[{"count":1,"href":"https:\/\/notinor.com\/jujuy\/wp-json\/wp\/v2\/posts\/256372\/revisions"}],"predecessor-version":[{"id":256373,"href":"https:\/\/notinor.com\/jujuy\/wp-json\/wp\/v2\/posts\/256372\/revisions\/256373"}],"wp:featuredmedia":[{"embeddable":true,"href":"https:\/\/notinor.com\/jujuy\/wp-json\/wp\/v2\/media\/130005"}],"wp:attachment":[{"href":"https:\/\/notinor.com\/jujuy\/wp-json\/wp\/v2\/media?parent=256372"}],"wp:term":[{"taxonomy":"category","embeddable":true,"href":"https:\/\/notinor.com\/jujuy\/wp-json\/wp\/v2\/categories?post=256372"},{"taxonomy":"post_tag","embeddable":true,"href":"https:\/\/notinor.com\/jujuy\/wp-json\/wp\/v2\/tags?post=256372"}],"curies":[{"name":"wp","href":"https:\/\/api.w.org\/{rel}","templated":true}]}}