{"id":256370,"date":"2020-07-31T10:06:28","date_gmt":"2020-07-31T13:06:28","guid":{"rendered":"https:\/\/notinor.com\/jujuy\/?p=256370"},"modified":"2020-07-31T10:06:31","modified_gmt":"2020-07-31T13:06:31","slug":"el-lobo-solidario-se-busca-recolectar-ropa-de-blanqueria-para-hospitales-de-campana","status":"publish","type":"post","link":"https:\/\/notinor.com\/jujuy\/el-lobo-solidario-se-busca-recolectar-ropa-de-blanqueria-para-hospitales-de-campana\/","title":{"rendered":"El \"Lobo\" solidario: se busca recolectar ropa de blanquer\u00eda para hospitales de campa\u00f1a"},"content":{"rendered":"\n<p>La instituci\u00f3n albiceleste busca sumar su granito de arena para la lucha contra el COVID-19 en medio de la emergencia sanitaria y epidemiol\u00f3gica que hay en la provincia por el brote de infectados. <\/p>\n\n\n\n<figure class=\"wp-block-image size-large\"><img decoding=\"async\" loading=\"lazy\" width=\"640\" height=\"362\" src=\"https:\/\/notinor.com\/jujuy\/wp-content\/uploads\/2020\/07\/jujuy-1.jpg\" alt=\"\" class=\"wp-image-256379\"\/><\/figure>\n\n\n\n<p>Gimnasia y Esgrima de Jujuy busca aportar su granito de arena y colaborar con el Sistema de Salud de la provincia en la lucha contra el coronavirus, por lo que organiz\u00f3 una campa\u00f1a solidaria.<\/p>\n\n\n\n<p>Desde hoy la instituci\u00f3n estar\u00e1 recibiendo donaciones de ropa de blanquer\u00eda para donar a los distintos hospitales de campa\u00f1a de Jujuy.<\/p>\n\n\n\n<p>Por tal motivo, convoca a sus hinchas y a la sociedad en general: <\/p>\n\n\n\n<h2>Si ten\u00e9s S\u00e1banas, Almohadas y Frazadas que no utilices, pod\u00e9s acercarlas al estadio 23 de Agosto de 8 a 20 horas.<\/h2>\n\n\n\n<figure class=\"wp-block-embed-facebook wp-block-embed is-type-rich is-provider-facebook\"><div class=\"wp-block-embed__wrapper\">\n<div id=\"fb-root\"><\/div><script async=\"1\" defer=\"1\" crossorigin=\"anonymous\" src=\"https:\/\/connect.facebook.net\/en_US\/sdk.js#xfbml=1&amp;version=v7.0\" nonce=\"mPQo3L3t\"><\/script><div class=\"fb-post\" data-href=\"https:\/\/www.facebook.com\/OficialGyEJujuy\/photos\/a.223139014424382\/4062696223801956\/\" data-width=\"500\"><blockquote cite=\"https:\/\/www.facebook.com\/OficialGyEJujuy\/photos\/a.223139014424382\/4062696223801956\/?type=3\" class=\"fb-xfbml-parse-ignore\"><p>#LoboSolidario | Con motivo de aportar nuestro granito de arena y colaborar con el Sistema de Salud de nuestra Provincia...<\/p>Posted by <a href=\"https:\/\/www.facebook.com\/OficialGyEJujuy\/\">Club Gimnasia y Esgrima de Jujuy<\/a> on&nbsp;<a href=\"https:\/\/www.facebook.com\/OficialGyEJujuy\/photos\/a.223139014424382\/4062696223801956\/?type=3\">Thursday, July 30, 2020<\/a><\/blockquote><\/div>\n<\/div><\/figure>\n","protected":false},"excerpt":{"rendered":"<p>La instituci\u00f3n albiceleste busca sumar su granito de arena para la lucha contra el COVID-19 en medio de la emergencia sanitaria y epidemiol\u00f3gica que hay en la provincia por el brote de infectados. Gimnasia y Esgrima de Jujuy busca aportar su granito de arena y colaborar con el Sistema de Salud de la provincia en [&hellip;]<\/p>\n","protected":false},"author":37,"featured_media":256379,"comment_status":"open","ping_status":"open","sticky":false,"template":"","format":"standard","meta":{"_stopmodifiedupdate":false,"_modified_date":"","inline_featured_image":false,"spay_email":"","jetpack_publicize_message":""},"categories":[7],"tags":[],"jetpack_featured_media_url":"https:\/\/notinor.com\/jujuy\/wp-content\/uploads\/2020\/07\/jujuy-1.jpg","jetpack_publicize_connections":[],"_links":{"self":[{"href":"https:\/\/notinor.com\/jujuy\/wp-json\/wp\/v2\/posts\/256370"}],"collection":[{"href":"https:\/\/notinor.com\/jujuy\/wp-json\/wp\/v2\/posts"}],"about":[{"href":"https:\/\/notinor.com\/jujuy\/wp-json\/wp\/v2\/types\/post"}],"author":[{"embeddable":true,"href":"https:\/\/notinor.com\/jujuy\/wp-json\/wp\/v2\/users\/37"}],"replies":[{"embeddable":true,"href":"https:\/\/notinor.com\/jujuy\/wp-json\/wp\/v2\/comments?post=256370"}],"version-history":[{"count":1,"href":"https:\/\/notinor.com\/jujuy\/wp-json\/wp\/v2\/posts\/256370\/revisions"}],"predecessor-version":[{"id":256380,"href":"https:\/\/notinor.com\/jujuy\/wp-json\/wp\/v2\/posts\/256370\/revisions\/256380"}],"wp:featuredmedia":[{"embeddable":true,"href":"https:\/\/notinor.com\/jujuy\/wp-json\/wp\/v2\/media\/256379"}],"wp:attachment":[{"href":"https:\/\/notinor.com\/jujuy\/wp-json\/wp\/v2\/media?parent=256370"}],"wp:term":[{"taxonomy":"category","embeddable":true,"href":"https:\/\/notinor.com\/jujuy\/wp-json\/wp\/v2\/categories?post=256370"},{"taxonomy":"post_tag","embeddable":true,"href":"https:\/\/notinor.com\/jujuy\/wp-json\/wp\/v2\/tags?post=256370"}],"curies":[{"name":"wp","href":"https:\/\/api.w.org\/{rel}","templated":true}]}}