{"id":256367,"date":"2020-07-31T09:05:09","date_gmt":"2020-07-31T12:05:09","guid":{"rendered":"https:\/\/notinor.com\/jujuy\/?p=256367"},"modified":"2020-07-31T09:53:14","modified_gmt":"2020-07-31T12:53:14","slug":"fascio-de-recchiuto-maria-estela-tita","status":"publish","type":"post","link":"https:\/\/notinor.com\/jujuy\/fascio-de-recchiuto-maria-estela-tita\/","title":{"rendered":"FASCIO DE RECCHIUTO, Mar\u00eda Estela \u201cTita\u201d"},"content":{"rendered":"\n<p><strong> Falleci\u00f3 el d\u00eda 29 de julio de 2020, a hs. 19:00. C.A.S.R. y B.P., a la edad de 96 a\u00f1os. Sus hijos: Estela, Rafael, Hugo e Isabel; sus nietos; sus bisnietos dem\u00e1s familiares y comunican a sus amistades y personas piadosas que sus restos fueron inhumados ayer 30 de julio en el cementerio El Jard\u00edn del Castillo. Ruegan elevar una oracion en su memoria. Servicio de tanatopraxia y ceremonial empresa Futuro SRL. Ram\u00edrez de Velazco 137 S.S. de Jujuy, Jujuy. Tel. 0388- 4240090- 4232086. Para Caruso SA.<\/strong><\/p>\n","protected":false},"excerpt":{"rendered":"<p>Falleci\u00f3 el d\u00eda 29 de julio de 2020, a hs. 19:00. C.A.S.R. y B.P., a la edad de 96 a\u00f1os. Sus hijos: Estela, Rafael, Hugo e Isabel; sus nietos; sus bisnietos dem\u00e1s familiares y comunican a sus amistades y personas piadosas que sus restos fueron inhumados ayer 30 de julio en el cementerio El Jard\u00edn [&hellip;]<\/p>\n","protected":false},"author":5,"featured_media":130005,"comment_status":"open","ping_status":"open","sticky":false,"template":"","format":"standard","meta":{"_stopmodifiedupdate":false,"_modified_date":"","inline_featured_image":false,"spay_email":"","jetpack_publicize_message":""},"categories":[523],"tags":[],"jetpack_featured_media_url":"https:\/\/notinor.com\/jujuy\/wp-content\/uploads\/2017\/08\/Obituarios-1.jpg","jetpack_publicize_connections":[],"_links":{"self":[{"href":"https:\/\/notinor.com\/jujuy\/wp-json\/wp\/v2\/posts\/256367"}],"collection":[{"href":"https:\/\/notinor.com\/jujuy\/wp-json\/wp\/v2\/posts"}],"about":[{"href":"https:\/\/notinor.com\/jujuy\/wp-json\/wp\/v2\/types\/post"}],"author":[{"embeddable":true,"href":"https:\/\/notinor.com\/jujuy\/wp-json\/wp\/v2\/users\/5"}],"replies":[{"embeddable":true,"href":"https:\/\/notinor.com\/jujuy\/wp-json\/wp\/v2\/comments?post=256367"}],"version-history":[{"count":1,"href":"https:\/\/notinor.com\/jujuy\/wp-json\/wp\/v2\/posts\/256367\/revisions"}],"predecessor-version":[{"id":256368,"href":"https:\/\/notinor.com\/jujuy\/wp-json\/wp\/v2\/posts\/256367\/revisions\/256368"}],"wp:featuredmedia":[{"embeddable":true,"href":"https:\/\/notinor.com\/jujuy\/wp-json\/wp\/v2\/media\/130005"}],"wp:attachment":[{"href":"https:\/\/notinor.com\/jujuy\/wp-json\/wp\/v2\/media?parent=256367"}],"wp:term":[{"taxonomy":"category","embeddable":true,"href":"https:\/\/notinor.com\/jujuy\/wp-json\/wp\/v2\/categories?post=256367"},{"taxonomy":"post_tag","embeddable":true,"href":"https:\/\/notinor.com\/jujuy\/wp-json\/wp\/v2\/tags?post=256367"}],"curies":[{"name":"wp","href":"https:\/\/api.w.org\/{rel}","templated":true}]}}