{"id":256363,"date":"2020-07-31T09:00:39","date_gmt":"2020-07-31T12:00:39","guid":{"rendered":"https:\/\/notinor.com\/jujuy\/?p=256363"},"modified":"2020-07-31T09:50:45","modified_gmt":"2020-07-31T12:50:45","slug":"chocala-de-quispe-lucia","status":"publish","type":"post","link":"https:\/\/notinor.com\/jujuy\/chocala-de-quispe-lucia\/","title":{"rendered":"CHOCALA DE QUISPE, Luc\u00eda"},"content":{"rendered":"\n<p><strong> Falleci\u00f3 el d\u00eda 29 de julio de 2020, a la edad de 79 a\u00f1os. Sus hijos: Natividad, Blanca Rosa y Ren\u00e9; sus nietos: Luis, Griselda, V\u00edctor, Yesica, Yanina, Luc\u00eda, Jasmani, Yaiza; su hijo pol\u00edtico: Efra\u00edn Quispe; sus amigos; sus vecinos y dem\u00e1s familiares participan con profunda tristeza su partida hacia la morada del alt\u00edsimo rogando por el eterno descanso de su alma y una pronta resignaci\u00f3n ante tal irreparable p\u00e9rdida y comunican que sus restos fueron inhumados ayer 30 de julio en el cementerio privado Jard\u00edn del Castillo. Servicio de sepelio de La Cocher\u00eda SRL. calle Ram\u00edrez de Velazco 668. Tel 3884166272_154167158.<\/strong><\/p>\n","protected":false},"excerpt":{"rendered":"<p>Falleci\u00f3 el d\u00eda 29 de julio de 2020, a la edad de 79 a\u00f1os. Sus hijos: Natividad, Blanca Rosa y Ren\u00e9; sus nietos: Luis, Griselda, V\u00edctor, Yesica, Yanina, Luc\u00eda, Jasmani, Yaiza; su hijo pol\u00edtico: Efra\u00edn Quispe; sus amigos; sus vecinos y dem\u00e1s familiares participan con profunda tristeza su partida hacia la morada del alt\u00edsimo rogando [&hellip;]<\/p>\n","protected":false},"author":5,"featured_media":130005,"comment_status":"open","ping_status":"open","sticky":false,"template":"","format":"standard","meta":{"_stopmodifiedupdate":false,"_modified_date":"","inline_featured_image":false,"spay_email":"","jetpack_publicize_message":""},"categories":[523],"tags":[],"jetpack_featured_media_url":"https:\/\/notinor.com\/jujuy\/wp-content\/uploads\/2017\/08\/Obituarios-1.jpg","jetpack_publicize_connections":[],"_links":{"self":[{"href":"https:\/\/notinor.com\/jujuy\/wp-json\/wp\/v2\/posts\/256363"}],"collection":[{"href":"https:\/\/notinor.com\/jujuy\/wp-json\/wp\/v2\/posts"}],"about":[{"href":"https:\/\/notinor.com\/jujuy\/wp-json\/wp\/v2\/types\/post"}],"author":[{"embeddable":true,"href":"https:\/\/notinor.com\/jujuy\/wp-json\/wp\/v2\/users\/5"}],"replies":[{"embeddable":true,"href":"https:\/\/notinor.com\/jujuy\/wp-json\/wp\/v2\/comments?post=256363"}],"version-history":[{"count":1,"href":"https:\/\/notinor.com\/jujuy\/wp-json\/wp\/v2\/posts\/256363\/revisions"}],"predecessor-version":[{"id":256366,"href":"https:\/\/notinor.com\/jujuy\/wp-json\/wp\/v2\/posts\/256363\/revisions\/256366"}],"wp:featuredmedia":[{"embeddable":true,"href":"https:\/\/notinor.com\/jujuy\/wp-json\/wp\/v2\/media\/130005"}],"wp:attachment":[{"href":"https:\/\/notinor.com\/jujuy\/wp-json\/wp\/v2\/media?parent=256363"}],"wp:term":[{"taxonomy":"category","embeddable":true,"href":"https:\/\/notinor.com\/jujuy\/wp-json\/wp\/v2\/categories?post=256363"},{"taxonomy":"post_tag","embeddable":true,"href":"https:\/\/notinor.com\/jujuy\/wp-json\/wp\/v2\/tags?post=256363"}],"curies":[{"name":"wp","href":"https:\/\/api.w.org\/{rel}","templated":true}]}}