{"id":256353,"date":"2020-07-31T09:39:12","date_gmt":"2020-07-31T12:39:12","guid":{"rendered":"https:\/\/notinor.com\/jujuy\/?p=256353"},"modified":"2020-07-31T09:39:15","modified_gmt":"2020-07-31T12:39:15","slug":"el-sanatorio-los-lapachos-cedio-a-tres-especialistas-en-terapia-intensiva-al-coe","status":"publish","type":"post","link":"https:\/\/notinor.com\/jujuy\/el-sanatorio-los-lapachos-cedio-a-tres-especialistas-en-terapia-intensiva-al-coe\/","title":{"rendered":"El Sanatorio Los Lapachos cedi\u00f3 a tres especialistas en terapia intensiva al COE"},"content":{"rendered":"\n<p>La instituci\u00f3n, en otra oportunidad, tambi\u00e9n colabor\u00f3 con respiradores. <\/p>\n\n\n\n<figure class=\"wp-block-image size-large\"><img decoding=\"async\" loading=\"lazy\" width=\"770\" height=\"433\" src=\"https:\/\/notinor.com\/jujuy\/wp-content\/uploads\/2020\/07\/0001336504.jpg\" alt=\"\" class=\"wp-image-256355\" srcset=\"https:\/\/notinor.com\/jujuy\/wp-content\/uploads\/2020\/07\/0001336504.jpg 770w, https:\/\/notinor.com\/jujuy\/wp-content\/uploads\/2020\/07\/0001336504-649x365.jpg 649w, https:\/\/notinor.com\/jujuy\/wp-content\/uploads\/2020\/07\/0001336504-500x280.jpg 500w, https:\/\/notinor.com\/jujuy\/wp-content\/uploads\/2020\/07\/0001336504-768x432.jpg 768w, https:\/\/notinor.com\/jujuy\/wp-content\/uploads\/2020\/07\/0001336504-750x422.jpg 750w\" sizes=\"(max-width: 770px) 100vw, 770px\" \/><\/figure>\n\n\n\n<p>El sanatorio privado Los Lapachos cedi\u00f3 al Comit\u00e9 Operativo de Emergencias tres m\u00e9dicos especializados en cuidados en terapia intensiva, para sumarse a la lucha contra el COVID-19 en medio del brote de infectados que hay en la provincia. <\/p>\n\n\n\n<p>La c\u00ednica puso a disposici\u00f3n del COE los servicios de los profesionales\u00a0Ulises P\u00e1rraga (MP3413), Martin Jerez (MP3450)\u00a0y\u00a0Manuel Cortez (MP1002).<\/p>\n\n\n\n<p>Desde la instituci\u00f3n, ya se hab\u00eda colaborado en otra oportunidad, con elementos de primera necesidad y de alta complejidad como respiradores.<\/p>\n","protected":false},"excerpt":{"rendered":"<p>La instituci\u00f3n, en otra oportunidad, tambi\u00e9n colabor\u00f3 con respiradores. El sanatorio privado Los Lapachos cedi\u00f3 al Comit\u00e9 Operativo de Emergencias tres m\u00e9dicos especializados en cuidados en terapia intensiva, para sumarse a la lucha contra el COVID-19 en medio del brote de infectados que hay en la provincia. La c\u00ednica puso a disposici\u00f3n del COE los [&hellip;]<\/p>\n","protected":false},"author":37,"featured_media":256355,"comment_status":"open","ping_status":"open","sticky":false,"template":"","format":"standard","meta":{"_stopmodifiedupdate":false,"_modified_date":"","inline_featured_image":false,"spay_email":"","jetpack_publicize_message":""},"categories":[13],"tags":[],"jetpack_featured_media_url":"https:\/\/notinor.com\/jujuy\/wp-content\/uploads\/2020\/07\/0001336504.jpg","jetpack_publicize_connections":[],"_links":{"self":[{"href":"https:\/\/notinor.com\/jujuy\/wp-json\/wp\/v2\/posts\/256353"}],"collection":[{"href":"https:\/\/notinor.com\/jujuy\/wp-json\/wp\/v2\/posts"}],"about":[{"href":"https:\/\/notinor.com\/jujuy\/wp-json\/wp\/v2\/types\/post"}],"author":[{"embeddable":true,"href":"https:\/\/notinor.com\/jujuy\/wp-json\/wp\/v2\/users\/37"}],"replies":[{"embeddable":true,"href":"https:\/\/notinor.com\/jujuy\/wp-json\/wp\/v2\/comments?post=256353"}],"version-history":[{"count":1,"href":"https:\/\/notinor.com\/jujuy\/wp-json\/wp\/v2\/posts\/256353\/revisions"}],"predecessor-version":[{"id":256357,"href":"https:\/\/notinor.com\/jujuy\/wp-json\/wp\/v2\/posts\/256353\/revisions\/256357"}],"wp:featuredmedia":[{"embeddable":true,"href":"https:\/\/notinor.com\/jujuy\/wp-json\/wp\/v2\/media\/256355"}],"wp:attachment":[{"href":"https:\/\/notinor.com\/jujuy\/wp-json\/wp\/v2\/media?parent=256353"}],"wp:term":[{"taxonomy":"category","embeddable":true,"href":"https:\/\/notinor.com\/jujuy\/wp-json\/wp\/v2\/categories?post=256353"},{"taxonomy":"post_tag","embeddable":true,"href":"https:\/\/notinor.com\/jujuy\/wp-json\/wp\/v2\/tags?post=256353"}],"curies":[{"name":"wp","href":"https:\/\/api.w.org\/{rel}","templated":true}]}}