{"id":256341,"date":"2020-07-31T09:33:26","date_gmt":"2020-07-31T12:33:26","guid":{"rendered":"https:\/\/notinor.com\/jujuy\/?p=256341"},"modified":"2020-07-31T09:33:28","modified_gmt":"2020-07-31T12:33:28","slug":"cual-es-el-estado-de-las-rutas-y-caminos-hoy-viernes-31-de-julio","status":"publish","type":"post","link":"https:\/\/notinor.com\/jujuy\/cual-es-el-estado-de-las-rutas-y-caminos-hoy-viernes-31-de-julio\/","title":{"rendered":"Cu\u00e1l es el estado de las rutas y caminos hoy, viernes 31 de julio"},"content":{"rendered":"\n<p>El Ministerio de Seguridad inform\u00f3 sobre el estado de circulaci\u00f3n en las rutas y caminos.<\/p>\n\n\n\n<figure class=\"wp-block-image size-large\"><img decoding=\"async\" loading=\"lazy\" width=\"719\" height=\"411\" src=\"https:\/\/notinor.com\/jujuy\/wp-content\/uploads\/2020\/07\/Rutas-Jujuy-3.jpg\" alt=\"\" class=\"wp-image-256344\" srcset=\"https:\/\/notinor.com\/jujuy\/wp-content\/uploads\/2020\/07\/Rutas-Jujuy-3.jpg 719w, https:\/\/notinor.com\/jujuy\/wp-content\/uploads\/2020\/07\/Rutas-Jujuy-3-639x365.jpg 639w\" sizes=\"(max-width: 719px) 100vw, 719px\" \/><\/figure>\n\n\n\n<p>El informe:<\/p>\n\n\n\n<p>Rutas Provinciales y Nacionales, presentan las siguientes novedades:<\/p>\n\n\n\n<p><strong>\u26a0 RUTA PROV. N\u00b0 1<br><\/strong>Entre la ciudad de San Salvador de Jujuy y Palpal\u00e1, se recomienda transitar con precauci\u00f3n, con reducci\u00f3n de velocidad m\u00e1xima a 40 km\/h en calzadas principales y en ingresos a rotondas, respetando las se\u00f1ales de transito por trabajos que realiza personal de vialidad en los siguientes sectores:<\/p>\n\n\n\n<p>\u2022 Desde el km 0 al km 6,5, con reducci\u00f3n de calzada en los carrilles habilitados para el transito vehicular, debido a trabajos que se efect\u00faan en el horario de 07:30 a 19:00 hs.<\/p>\n\n\n\n<p>\u2022 Por reducci\u00f3n de calzadas, debido a trabajos que se efect\u00faan en canteros centrales.<\/p>\n\n\n\n<p>\u2022 En intersecci\u00f3n de calle San Juan con vinculaci\u00f3n de RN N\u00ba 66 y RP N\u00ba 1.<\/p>\n\n\n\n<p>\u2022 Tramo entre empresa Total Gas y Corral\u00f3n el Mercado de la Loc. De R\u00edo Blanco por reducci\u00f3n de calzadas en ambas manos.<\/p>\n\n\n\n<p>\u2022 En calle san juan de la Loc. De R\u00edo blanco por reducci\u00f3n de calzada, debido a trabajos que realizan con presencia de equipos.<\/p>\n\n\n\n<p>\u2022 En pasarelas altura Loc. De R\u00edo blanco por desv\u00edos de transito con motivo de trabajos que se efect\u00faan.<\/p>\n\n\n\n<p><strong>\u26a0 RUTA PROV. N\u00b0 19<\/strong><br>\u2022 Se recomienda circular con precauci\u00f3n hasta empalme con RN N\u00b034 a la altura de Arrayanal; y con tr\u00e1nsito cortado en diferentes sectores desde Arrayanal hasta R\u00edo Totorilla por emergencias clim\u00e1ticas.-<\/p>\n\n\n\n<p><strong>\u26a0 RUTA PROV. N\u00b0 20<\/strong><br>\u2022 Se recomienda transitar con precauci\u00f3n desde Los Blancos hasta Las Capillas. Debido a equipos de vialidad que trabajan en el acondicionamiento de la v\u00eda.<\/p>\n\n\n\n<p><strong>\u26a0 RUTA PROV. N\u00b0 25<\/strong><br>\u2022 Se recomienda circular con precauci\u00f3n desde RP N\u00b0 6 de la Loc. de Palma Sola hasta paraje Ma\u00edz Gordo.<\/p>\n\n\n\n<p><strong>\u26a0 RUTA PROV. N\u00b0 29<\/strong><br>\u2022 Tr\u00e1nsito habilitado con precauci\u00f3n desde empalme con RN N\u00b0 9 hasta el r\u00edo Tiraxi.<\/p>\n\n\n\n<p><strong>\u26a0 RUTA PROV. N\u00b0 35<\/strong><br>\u2022 Circular con precauci\u00f3n desde Puente Payo hasta Corral de Piedra. Debido a trabajos de reacondicionamientos que realiza personal de vialidad.<\/p>\n\n\n\n<p><strong>\u26a0 RUTA PROV. N\u00b0 73<\/strong><br>\u2022 En valle grande, entre las localidades de Valle Colorado y Santa Ana, tr\u00e1nsito cortado a la altura de los parajes Azul Azul, y el Sermonillar por sedimento de calzada y desmoronamientos de cerro.<\/p>\n\n\n\n<p><strong>\u26a0 RUTA PROV. N\u00b0 83<\/strong><br>\u2022 Transitable con precauci\u00f3n desde intersecci\u00f3n con RN N\u00b0 34 hasta Valle Colorado.<\/p>\n\n\n\n<p><strong>\u26a0 RUTA NAC. N\u00b0 34<\/strong><br>\u2022 Circular con precauci\u00f3n por media calzada desde el km 1.150 altura R\u00edo las Pavas hasta el km 1.176 altura el Cuarteadero.<\/p>\n\n\n\n<p>\u2022 Altura puente R\u00edo Zora km 1258 del dpto. Ledesma -transito habilitado ambos sentido \u00fanicamente para veh\u00edculos livianos y de transporte de pasajeros; (velocidad m\u00e1xima a 40 km por hora); quedando exceptuado la circulaci\u00f3n para veh\u00edculos pesados y\/o de cargas (los cuales superen una carga de 45 toneladas) debiendo los mismos transitar por Ruta Prov. N\u00b0 1, con desv\u00edos a la altura de puente del R\u00edo San Pedro y en intersecci\u00f3n con Ruta Prov. N\u00b0 1 altura de la loc de Caimancito.<\/p>\n\n\n\n<p><strong>As\u00ed mismo tambi\u00e9n se informa a los conductores que por motivo: contingencias por pandemia covid-19<\/strong><\/p>\n\n\n\n<p>\u2022 El ingreso por Ruta Nacional 34 a las localidades de Chalic\u00e1n, Fraile Pintado, Libertador, Calilegua, Caimancito y Yuto, se encuentra restringida, quedando \u00fanicamente permitida el acceso para aquellos veh\u00edculos que brindan servicios esenciales contemplados en el DNU 297\/2020: como transportes de alimentos, combustibles, industria, art\u00edculos de higiene, ox\u00edgeno, gas y para aquellas personas con residencia legal y\/o debidamente acrediten que regresan a sus domicilios o se dirijan a su lugar de trabajo, siendo obligatorio contar con el permiso de circulaci\u00f3n nacional vigente.<\/p>\n\n\n\n<p>La circulaci\u00f3n de cualquier tipo de veh\u00edculos y\/o personas hacia la provincia de Salta, ser\u00e1 por el desv\u00edo antes mencionado.<\/p>\n\n\n\n<p>El resto de los corredores viales se encuentran transitables dentro del territorio provincial.<\/p>\n","protected":false},"excerpt":{"rendered":"<p>El Ministerio de Seguridad inform\u00f3 sobre el estado de circulaci\u00f3n en las rutas y caminos. El informe: Rutas Provinciales y Nacionales, presentan las siguientes novedades: \u26a0 RUTA PROV. N\u00b0 1Entre la ciudad de San Salvador de Jujuy y Palpal\u00e1, se recomienda transitar con precauci\u00f3n, con reducci\u00f3n de velocidad m\u00e1xima a 40 km\/h en calzadas principales [&hellip;]<\/p>\n","protected":false},"author":1,"featured_media":256344,"comment_status":"open","ping_status":"open","sticky":false,"template":"","format":"standard","meta":{"_stopmodifiedupdate":false,"_modified_date":"","inline_featured_image":false,"spay_email":"","jetpack_publicize_message":""},"categories":[2],"tags":[],"jetpack_featured_media_url":"https:\/\/notinor.com\/jujuy\/wp-content\/uploads\/2020\/07\/Rutas-Jujuy-3.jpg","jetpack_publicize_connections":[],"_links":{"self":[{"href":"https:\/\/notinor.com\/jujuy\/wp-json\/wp\/v2\/posts\/256341"}],"collection":[{"href":"https:\/\/notinor.com\/jujuy\/wp-json\/wp\/v2\/posts"}],"about":[{"href":"https:\/\/notinor.com\/jujuy\/wp-json\/wp\/v2\/types\/post"}],"author":[{"embeddable":true,"href":"https:\/\/notinor.com\/jujuy\/wp-json\/wp\/v2\/users\/1"}],"replies":[{"embeddable":true,"href":"https:\/\/notinor.com\/jujuy\/wp-json\/wp\/v2\/comments?post=256341"}],"version-history":[{"count":1,"href":"https:\/\/notinor.com\/jujuy\/wp-json\/wp\/v2\/posts\/256341\/revisions"}],"predecessor-version":[{"id":256354,"href":"https:\/\/notinor.com\/jujuy\/wp-json\/wp\/v2\/posts\/256341\/revisions\/256354"}],"wp:featuredmedia":[{"embeddable":true,"href":"https:\/\/notinor.com\/jujuy\/wp-json\/wp\/v2\/media\/256344"}],"wp:attachment":[{"href":"https:\/\/notinor.com\/jujuy\/wp-json\/wp\/v2\/media?parent=256341"}],"wp:term":[{"taxonomy":"category","embeddable":true,"href":"https:\/\/notinor.com\/jujuy\/wp-json\/wp\/v2\/categories?post=256341"},{"taxonomy":"post_tag","embeddable":true,"href":"https:\/\/notinor.com\/jujuy\/wp-json\/wp\/v2\/tags?post=256341"}],"curies":[{"name":"wp","href":"https:\/\/api.w.org\/{rel}","templated":true}]}}