{"id":256336,"date":"2020-07-31T09:08:51","date_gmt":"2020-07-31T12:08:51","guid":{"rendered":"https:\/\/notinor.com\/jujuy\/?p=256336"},"modified":"2020-07-31T09:08:54","modified_gmt":"2020-07-31T12:08:54","slug":"agosto-llegara-con-sol-y-sin-probabilidad-de-lluvias","status":"publish","type":"post","link":"https:\/\/notinor.com\/jujuy\/agosto-llegara-con-sol-y-sin-probabilidad-de-lluvias\/","title":{"rendered":"Agosto llegar\u00e1 con sol y sin probabilidad de lluvias"},"content":{"rendered":"\n<p>El fin de semana las temperaturas m\u00e1ximas podr\u00edan alcanzar los 26\u00baC<\/p>\n\n\n\n<figure class=\"wp-block-image size-large\"><img decoding=\"async\" loading=\"lazy\" width=\"840\" height=\"473\" src=\"https:\/\/notinor.com\/jujuy\/wp-content\/uploads\/2020\/07\/san-salvador-de-jujuy-840x473.jpg\" alt=\"\" class=\"wp-image-256338\" srcset=\"https:\/\/notinor.com\/jujuy\/wp-content\/uploads\/2020\/07\/san-salvador-de-jujuy-840x473.jpg 840w, https:\/\/notinor.com\/jujuy\/wp-content\/uploads\/2020\/07\/san-salvador-de-jujuy-649x365.jpg 649w, https:\/\/notinor.com\/jujuy\/wp-content\/uploads\/2020\/07\/san-salvador-de-jujuy-768x432.jpg 768w, https:\/\/notinor.com\/jujuy\/wp-content\/uploads\/2020\/07\/san-salvador-de-jujuy-750x422.jpg 750w, https:\/\/notinor.com\/jujuy\/wp-content\/uploads\/2020\/07\/san-salvador-de-jujuy-1140x641.jpg 1140w, https:\/\/notinor.com\/jujuy\/wp-content\/uploads\/2020\/07\/san-salvador-de-jujuy.jpg 1280w\" sizes=\"(max-width: 840px) 100vw, 840px\" \/><\/figure>\n\n\n\n<p>Este fin de semana llega agosto, mes de la pachamama y caracterizado por el viento norte. Seg\u00fan el Servicio Metereol\u00f3gico Nacional se mantendr\u00e1n las bajas temperaturas, aunque no habr\u00e1 probabilidades de lluvias.<\/p>\n\n\n\n<h3>S\u00e1bado<\/h3>\n\n\n\n<p>El SMN anuncia una m\u00ednima de de 4\u00b0C y una m\u00e1xima de 23\u00baC, con cielo parcialmente nublado. <\/p>\n\n\n\n<h3>Domingo<\/h3>\n\n\n\n<p>Se espera una m\u00e1xima de 26\u00baC y cielo despejado, la m\u00ednima rondar\u00e1 en los 9\u00baC. <\/p>\n","protected":false},"excerpt":{"rendered":"<p>El fin de semana las temperaturas m\u00e1ximas podr\u00edan alcanzar los 26\u00baC Este fin de semana llega agosto, mes de la pachamama y caracterizado por el viento norte. Seg\u00fan el Servicio Metereol\u00f3gico Nacional se mantendr\u00e1n las bajas temperaturas, aunque no habr\u00e1 probabilidades de lluvias. S\u00e1bado El SMN anuncia una m\u00ednima de de 4\u00b0C y una m\u00e1xima [&hellip;]<\/p>\n","protected":false},"author":37,"featured_media":256338,"comment_status":"open","ping_status":"open","sticky":false,"template":"","format":"standard","meta":{"_stopmodifiedupdate":false,"_modified_date":"","inline_featured_image":false,"spay_email":"","jetpack_publicize_message":""},"categories":[2],"tags":[],"jetpack_featured_media_url":"https:\/\/notinor.com\/jujuy\/wp-content\/uploads\/2020\/07\/san-salvador-de-jujuy.jpg","jetpack_publicize_connections":[],"_links":{"self":[{"href":"https:\/\/notinor.com\/jujuy\/wp-json\/wp\/v2\/posts\/256336"}],"collection":[{"href":"https:\/\/notinor.com\/jujuy\/wp-json\/wp\/v2\/posts"}],"about":[{"href":"https:\/\/notinor.com\/jujuy\/wp-json\/wp\/v2\/types\/post"}],"author":[{"embeddable":true,"href":"https:\/\/notinor.com\/jujuy\/wp-json\/wp\/v2\/users\/37"}],"replies":[{"embeddable":true,"href":"https:\/\/notinor.com\/jujuy\/wp-json\/wp\/v2\/comments?post=256336"}],"version-history":[{"count":1,"href":"https:\/\/notinor.com\/jujuy\/wp-json\/wp\/v2\/posts\/256336\/revisions"}],"predecessor-version":[{"id":256340,"href":"https:\/\/notinor.com\/jujuy\/wp-json\/wp\/v2\/posts\/256336\/revisions\/256340"}],"wp:featuredmedia":[{"embeddable":true,"href":"https:\/\/notinor.com\/jujuy\/wp-json\/wp\/v2\/media\/256338"}],"wp:attachment":[{"href":"https:\/\/notinor.com\/jujuy\/wp-json\/wp\/v2\/media?parent=256336"}],"wp:term":[{"taxonomy":"category","embeddable":true,"href":"https:\/\/notinor.com\/jujuy\/wp-json\/wp\/v2\/categories?post=256336"},{"taxonomy":"post_tag","embeddable":true,"href":"https:\/\/notinor.com\/jujuy\/wp-json\/wp\/v2\/tags?post=256336"}],"curies":[{"name":"wp","href":"https:\/\/api.w.org\/{rel}","templated":true}]}}