{"id":256333,"date":"2020-07-31T08:59:32","date_gmt":"2020-07-31T11:59:32","guid":{"rendered":"https:\/\/notinor.com\/jujuy\/?p=256333"},"modified":"2020-07-31T08:59:35","modified_gmt":"2020-07-31T11:59:35","slug":"resaltan-el-comportamiento-de-ninos-durante-la-pandemia","status":"publish","type":"post","link":"https:\/\/notinor.com\/jujuy\/resaltan-el-comportamiento-de-ninos-durante-la-pandemia\/","title":{"rendered":"Resaltan el comportamiento de ni\u00f1os durante la pandemia"},"content":{"rendered":"\n<p>En el marco de aislamiento social, preventivo y obligatorio las profesionales de la Oficina de Protecci\u00f3n de Derechos de Ni\u00f1as, Ni\u00f1os y Adolescentes (OPDNNA) de la localidad de Monterrico se encuentran difundiendo a trav\u00e9s de medios de comunicaci\u00f3n locales un reconocimiento al comportamiento de la ni\u00f1ez en tiempos de pandemia por quedarse en casa siguiendo las recomendaciones para el cuidado de su salud junto a sus familias.<\/p>\n\n\n\n<figure class=\"wp-block-image size-large\"><img decoding=\"async\" loading=\"lazy\" width=\"725\" height=\"409\" src=\"https:\/\/notinor.com\/jujuy\/wp-content\/uploads\/2020\/07\/infobae-25-04-2020.jpg\" alt=\"\" class=\"wp-image-256334\" srcset=\"https:\/\/notinor.com\/jujuy\/wp-content\/uploads\/2020\/07\/infobae-25-04-2020.jpg 725w, https:\/\/notinor.com\/jujuy\/wp-content\/uploads\/2020\/07\/infobae-25-04-2020-647x365.jpg 647w\" sizes=\"(max-width: 725px) 100vw, 725px\" \/><\/figure>\n\n\n\n<p>Cabe resaltar que se inici\u00f3 una campa\u00f1a de mensajes solidarios y de cooperaci\u00f3n para evitar la estigmatizaci\u00f3n de las personas y familias afectadas por covid, apelando a la empat\u00eda de la comunidad.<\/p>\n\n\n\n<p>La intervenci\u00f3n de las profesionales est\u00e1 enfocada a difundir mensajes positivos, solidarios y de apoyo en medios radiales, televisivos y redes sociales&nbsp; para incitar a la reflexi\u00f3n sobre las personas que son estigmatizadas.<\/p>\n\n\n\n<p>Brindan mensajes sobre &nbsp;medidas de prevenci\u00f3n a tener en cuenta en los hogares, la importancia de la comunicaci\u00f3n en casa, dialogar con los ni\u00f1os, ni\u00f1as y adolescentes, realizar actividades juntos, usar las tecnolog\u00eda para llamar a y adultos\/as mayores que viven solos\/as o lejos,&nbsp; incentivando adem\u00e1s a las familias a publicar historias de esperanzas, de solidaridad, como im\u00e1genes positivas de personas que han tenido covid que se han recuperado.<\/p>\n\n\n\n<p>Vale mencionar que las profesionales&nbsp; est\u00e1n al servicio de la comunidad a trav\u00e9s de la l\u00ednea telef\u00f3nica 388- 4552339 para llamadas o mensajes de texto.<\/p>\n\n\n\n<p>Recordamos que las OPDNNA dependen de la Secretar\u00eda de Ni\u00f1ez, Adolescencia y Familia donde trabajan equipos interdisciplinarios de profesionales que garantizan la protecci\u00f3n y restituci\u00f3n de derechos de la ni\u00f1ez y adolescencia trabajando en red con instituciones locales del sistema de protecci\u00f3n en toda la provincia.<\/p>\n\n\n\n<figure class=\"wp-block-image\"><img decoding=\"async\" src=\"http:\/\/prensa.jujuy.gob.ar\/wp-content\/uploads\/sites\/37\/2020\/07\/bf808bf5-2ddd-43f5-a186-a4a1207e5b5a-1024x1024.jpg\" alt=\"\"\/><\/figure>\n","protected":false},"excerpt":{"rendered":"<p>En el marco de aislamiento social, preventivo y obligatorio las profesionales de la Oficina de Protecci\u00f3n de Derechos de Ni\u00f1as, Ni\u00f1os y Adolescentes (OPDNNA) de la localidad de Monterrico se encuentran difundiendo a trav\u00e9s de medios de comunicaci\u00f3n locales un reconocimiento al comportamiento de la ni\u00f1ez en tiempos de pandemia por quedarse en casa siguiendo [&hellip;]<\/p>\n","protected":false},"author":37,"featured_media":256334,"comment_status":"open","ping_status":"open","sticky":false,"template":"","format":"standard","meta":{"_stopmodifiedupdate":false,"_modified_date":"","inline_featured_image":false,"spay_email":"","jetpack_publicize_message":""},"categories":[13],"tags":[],"jetpack_featured_media_url":"https:\/\/notinor.com\/jujuy\/wp-content\/uploads\/2020\/07\/infobae-25-04-2020.jpg","jetpack_publicize_connections":[],"_links":{"self":[{"href":"https:\/\/notinor.com\/jujuy\/wp-json\/wp\/v2\/posts\/256333"}],"collection":[{"href":"https:\/\/notinor.com\/jujuy\/wp-json\/wp\/v2\/posts"}],"about":[{"href":"https:\/\/notinor.com\/jujuy\/wp-json\/wp\/v2\/types\/post"}],"author":[{"embeddable":true,"href":"https:\/\/notinor.com\/jujuy\/wp-json\/wp\/v2\/users\/37"}],"replies":[{"embeddable":true,"href":"https:\/\/notinor.com\/jujuy\/wp-json\/wp\/v2\/comments?post=256333"}],"version-history":[{"count":1,"href":"https:\/\/notinor.com\/jujuy\/wp-json\/wp\/v2\/posts\/256333\/revisions"}],"predecessor-version":[{"id":256335,"href":"https:\/\/notinor.com\/jujuy\/wp-json\/wp\/v2\/posts\/256333\/revisions\/256335"}],"wp:featuredmedia":[{"embeddable":true,"href":"https:\/\/notinor.com\/jujuy\/wp-json\/wp\/v2\/media\/256334"}],"wp:attachment":[{"href":"https:\/\/notinor.com\/jujuy\/wp-json\/wp\/v2\/media?parent=256333"}],"wp:term":[{"taxonomy":"category","embeddable":true,"href":"https:\/\/notinor.com\/jujuy\/wp-json\/wp\/v2\/categories?post=256333"},{"taxonomy":"post_tag","embeddable":true,"href":"https:\/\/notinor.com\/jujuy\/wp-json\/wp\/v2\/tags?post=256333"}],"curies":[{"name":"wp","href":"https:\/\/api.w.org\/{rel}","templated":true}]}}