{"id":256329,"date":"2020-07-31T08:49:47","date_gmt":"2020-07-31T11:49:47","guid":{"rendered":"https:\/\/notinor.com\/jujuy\/?p=256329"},"modified":"2020-07-31T08:55:34","modified_gmt":"2020-07-31T11:55:34","slug":"se-acordo-una-doble-indemnizacion-a-los-debido-a-la-crisis-sanitaria-y-economica","status":"publish","type":"post","link":"https:\/\/notinor.com\/jujuy\/se-acordo-una-doble-indemnizacion-a-los-debido-a-la-crisis-sanitaria-y-economica\/","title":{"rendered":"Se acord\u00f3 una doble indemnizaci\u00f3n debido a la crisis sanitaria y econ\u00f3mica"},"content":{"rendered":"\n<p>La Secretar\u00eda de Trabajo intervino en la resoluci\u00f3n del conflicto entre trabajadores y el Supermercado D\u00eda, a solicitud del Sindicato Centro de Empleados de Comercio, teniendo en cuenta que la empresa anunci\u00f3 informalmente, en los \u00faltimos d\u00edas, el cierre de sus sucursales en la provincia. <\/p>\n\n\n\n<figure class=\"wp-block-image size-large\"><img decoding=\"async\" loading=\"lazy\" width=\"770\" height=\"433\" src=\"https:\/\/notinor.com\/jujuy\/wp-content\/uploads\/2020\/07\/0001393787.jpg\" alt=\"\" class=\"wp-image-256330\" srcset=\"https:\/\/notinor.com\/jujuy\/wp-content\/uploads\/2020\/07\/0001393787.jpg 770w, https:\/\/notinor.com\/jujuy\/wp-content\/uploads\/2020\/07\/0001393787-649x365.jpg 649w, https:\/\/notinor.com\/jujuy\/wp-content\/uploads\/2020\/07\/0001393787-500x280.jpg 500w, https:\/\/notinor.com\/jujuy\/wp-content\/uploads\/2020\/07\/0001393787-768x432.jpg 768w, https:\/\/notinor.com\/jujuy\/wp-content\/uploads\/2020\/07\/0001393787-750x422.jpg 750w\" sizes=\"(max-width: 770px) 100vw, 770px\" \/><\/figure>\n\n\n\n<p>Desde la cartera ministerial, se hab\u00eda convocado a una conciliaci\u00f3n obligatoria, que se fij\u00f3 para hoy viernes 31 de agosto, sin embargo, al haberse arribado a un acuerdo durante el jueves, la misma quedar\u00eda sin efecto.<\/p>\n\n\n\n<p>El acuerdo, tras deliberaciones en una Audiencia llevada a cabo v\u00eda zoom entre autoridades ministeriales, representantes gremiales y de la empresa mencionada, se ratificar\u00e1 este viernes.<\/p>\n\n\n\n<p>En el marco del conflicto entre trabajadores y la empresa Supermercados D\u00eda, el titular de la Direcci\u00f3n Provincial de Delegaciones Regionales, Marcelo Robles, se hizo presente en las instalaciones de la empresa, logrando junto al CEC llevar adelante las conversaciones entre las partes para encauzar a trav\u00e9s del di\u00e1logo la soluci\u00f3n al conflicto.<\/p>\n\n\n\n<p>A ra\u00edz de ello se concret\u00f3 una Audiencia v\u00eda zoom entre los trabajadores; asesores legales y representantes del gremio del Centro de Empleados de Comercio; representantes de Supermercados D\u00eda; y funcionarios provinciales de la Secretar\u00eda de Trabajo del Ministerio de Trabajo y Empleo.<\/p>\n\n\n\n<p>En la ocasi\u00f3n se acord\u00f3 entre las partes la indemnizaci\u00f3n a todos los trabajadores de acuerdo a la normativa vigente, sumando a ese punto una doble indemnizaci\u00f3n tomando en cuenta la situaci\u00f3n de crisis y la prohibici\u00f3n a las desvinculaciones. <\/p>\n\n\n\n<p>Adem\u00e1s, se estableci\u00f3 que el pago a los trabajadores se concretar\u00e1 hasta el d\u00eda 12 de agosto; y que en caso de incumplimiento la multa prevista es de mil pesos por d\u00eda.<\/p>\n\n\n\n<p>Por \u00faltimo, se indic\u00f3 que el acuerdo se ratificar\u00e1 entre las partes este viernes en dependencias del Ministerio de Trabajo y Empleo con la asistencia de solamente los principales referentes de cada sector participante y los trabajadores en distintos horarios, siendo recibidos por los funcionarios, tomando en cuenta que se debe respetar la distancia social obligatoria.<\/p>\n\n\n\n<p>Cabe recordar que el conflicto se origina por el anuncio efectuado por la empresa respecto al cierre de las sucursales de la misma en la provincia de Jujuy y la necesidad de los trabajadores de encontrar la soluci\u00f3n a la situaci\u00f3n.<\/p>\n","protected":false},"excerpt":{"rendered":"<p>La Secretar\u00eda de Trabajo intervino en la resoluci\u00f3n del conflicto entre trabajadores y el Supermercado D\u00eda, a solicitud del Sindicato Centro de Empleados de Comercio, teniendo en cuenta que la empresa anunci\u00f3 informalmente, en los \u00faltimos d\u00edas, el cierre de sus sucursales en la provincia. Desde la cartera ministerial, se hab\u00eda convocado a una conciliaci\u00f3n [&hellip;]<\/p>\n","protected":false},"author":37,"featured_media":256330,"comment_status":"open","ping_status":"open","sticky":false,"template":"","format":"standard","meta":{"_stopmodifiedupdate":false,"_modified_date":"","inline_featured_image":false,"spay_email":"","jetpack_publicize_message":""},"categories":[2],"tags":[],"jetpack_featured_media_url":"https:\/\/notinor.com\/jujuy\/wp-content\/uploads\/2020\/07\/0001393787.jpg","jetpack_publicize_connections":[],"_links":{"self":[{"href":"https:\/\/notinor.com\/jujuy\/wp-json\/wp\/v2\/posts\/256329"}],"collection":[{"href":"https:\/\/notinor.com\/jujuy\/wp-json\/wp\/v2\/posts"}],"about":[{"href":"https:\/\/notinor.com\/jujuy\/wp-json\/wp\/v2\/types\/post"}],"author":[{"embeddable":true,"href":"https:\/\/notinor.com\/jujuy\/wp-json\/wp\/v2\/users\/37"}],"replies":[{"embeddable":true,"href":"https:\/\/notinor.com\/jujuy\/wp-json\/wp\/v2\/comments?post=256329"}],"version-history":[{"count":2,"href":"https:\/\/notinor.com\/jujuy\/wp-json\/wp\/v2\/posts\/256329\/revisions"}],"predecessor-version":[{"id":256332,"href":"https:\/\/notinor.com\/jujuy\/wp-json\/wp\/v2\/posts\/256329\/revisions\/256332"}],"wp:featuredmedia":[{"embeddable":true,"href":"https:\/\/notinor.com\/jujuy\/wp-json\/wp\/v2\/media\/256330"}],"wp:attachment":[{"href":"https:\/\/notinor.com\/jujuy\/wp-json\/wp\/v2\/media?parent=256329"}],"wp:term":[{"taxonomy":"category","embeddable":true,"href":"https:\/\/notinor.com\/jujuy\/wp-json\/wp\/v2\/categories?post=256329"},{"taxonomy":"post_tag","embeddable":true,"href":"https:\/\/notinor.com\/jujuy\/wp-json\/wp\/v2\/tags?post=256329"}],"curies":[{"name":"wp","href":"https:\/\/api.w.org\/{rel}","templated":true}]}}