{"id":256326,"date":"2020-07-31T08:41:56","date_gmt":"2020-07-31T11:41:56","guid":{"rendered":"https:\/\/notinor.com\/jujuy\/?p=256326"},"modified":"2020-07-31T08:44:13","modified_gmt":"2020-07-31T11:44:13","slug":"los-servicios-la-permanencia-y-el-pago-a-los-terapistas-de-cordoba-se-cumple-correctamente","status":"publish","type":"post","link":"https:\/\/notinor.com\/jujuy\/los-servicios-la-permanencia-y-el-pago-a-los-terapistas-de-cordoba-se-cumple-correctamente\/","title":{"rendered":"Los servicios, la permanencia y el pago a los terapistas de C\u00f3rdoba se cumple correctamente"},"content":{"rendered":"\n<p>Todo el personal m\u00e9dico, desde que lleg\u00f3 a Jujuy, manifest\u00f3 gran vocaci\u00f3n de servicio y trabajo en equipo junto a sus pares juje\u00f1os.<\/p>\n\n\n\n<figure class=\"wp-block-image size-large\"><img decoding=\"async\" loading=\"lazy\" width=\"840\" height=\"473\" src=\"https:\/\/notinor.com\/jujuy\/wp-content\/uploads\/2020\/07\/0001058659-840x473.jpg\" alt=\"\" class=\"wp-image-256327\" srcset=\"https:\/\/notinor.com\/jujuy\/wp-content\/uploads\/2020\/07\/0001058659-840x473.jpg 840w, https:\/\/notinor.com\/jujuy\/wp-content\/uploads\/2020\/07\/0001058659-649x365.jpg 649w, https:\/\/notinor.com\/jujuy\/wp-content\/uploads\/2020\/07\/0001058659-768x432.jpg 768w, https:\/\/notinor.com\/jujuy\/wp-content\/uploads\/2020\/07\/0001058659-750x422.jpg 750w, https:\/\/notinor.com\/jujuy\/wp-content\/uploads\/2020\/07\/0001058659-1140x641.jpg 1140w, https:\/\/notinor.com\/jujuy\/wp-content\/uploads\/2020\/07\/0001058659.jpg 1200w\" sizes=\"(max-width: 840px) 100vw, 840px\" \/><\/figure>\n\n\n\n<p>La prestaci\u00f3n de servicios a cargo de los m\u00e9dicos terapistas arribados de C\u00f3rdoba, como as\u00ed tambi\u00e9n su permanencia y el correspondiente pago de honorarios, se cumple dentro de los compromisos oportunamente fijados y acordados entre el Ministerio de Salud y los profesionales que complementaron el equipo sanitario del hospital \u201cSan Roque\u201d, dentro de las estrategias implementadas para combatir el coronavirus.<\/p>\n\n\n\n<p>As\u00ed lo hizo saber la directora provincial de Capital Humano, dependiente del Ministerio de Salud, Florencia Forte, quien precis\u00f3 que la convocatoria se formul\u00f3 a trav\u00e9s de la Secretar\u00eda de Salud, que estableci\u00f3 los correspondientes contactos institucionales con el Gobierno de C\u00f3rdoba.<\/p>\n\n\n\n<p>En cuanto a la modalidad de contrataci\u00f3n, precis\u00f3 que los profesionales pudieron optar entre un compromiso de servicio mensual o quincenal, con una carga horaria diferenciada seg\u00fan el per\u00edodo de prestaciones contratado.<\/p>\n\n\n\n<p>De acuerdo a sus obligaciones laborales en C\u00f3rdoba, donde se desempe\u00f1a como coordinadora de Terapia de uno de los centros hospitalarios de esa provincia, una m\u00e9dica opt\u00f3 por contratar solamente una semana y por esa raz\u00f3n ya regres\u00f3 a su lugar de procedencia. En tanto, los dos profesionales restantes eligieron 14 d\u00edas de prestaci\u00f3n de servicios, motivo por el cual el pr\u00f3ximo domingo emprender\u00e1n su retorno a C\u00f3rdoba.<\/p>\n\n\n\n<p>Cabe consignar, que el Dr. Mat\u00edas Agreda est\u00e1 desempe\u00f1ando sus labores con normalidad dentro del esquema prestacional de guardia del hospital \u201cSan Roque\u201d.<\/p>\n\n\n\n<p>Tras se\u00f1alar que la contrataci\u00f3n se hizo a trav\u00e9s de honorarios profesionales, es decir pago contra factura, Forte apunt\u00f3 que est\u00e1n encaminados los tr\u00e1mites para efectivizar los pagos correspondientes.<\/p>\n\n\n\n<p>En las pr\u00f3ximas horas, arribar\u00e1n a nuestra provincia terapistas de Buenos Aires -tambi\u00e9n por espacio de no m\u00e1s de dos semanas- para sumarse a los equipos sanitarios locales.<\/p>\n","protected":false},"excerpt":{"rendered":"<p>Todo el personal m\u00e9dico, desde que lleg\u00f3 a Jujuy, manifest\u00f3 gran vocaci\u00f3n de servicio y trabajo en equipo junto a sus pares juje\u00f1os. La prestaci\u00f3n de servicios a cargo de los m\u00e9dicos terapistas arribados de C\u00f3rdoba, como as\u00ed tambi\u00e9n su permanencia y el correspondiente pago de honorarios, se cumple dentro de los compromisos oportunamente fijados [&hellip;]<\/p>\n","protected":false},"author":37,"featured_media":256327,"comment_status":"open","ping_status":"open","sticky":false,"template":"","format":"standard","meta":{"_stopmodifiedupdate":false,"_modified_date":"","inline_featured_image":false,"spay_email":"","jetpack_publicize_message":""},"categories":[2],"tags":[],"jetpack_featured_media_url":"https:\/\/notinor.com\/jujuy\/wp-content\/uploads\/2020\/07\/0001058659.jpg","jetpack_publicize_connections":[],"_links":{"self":[{"href":"https:\/\/notinor.com\/jujuy\/wp-json\/wp\/v2\/posts\/256326"}],"collection":[{"href":"https:\/\/notinor.com\/jujuy\/wp-json\/wp\/v2\/posts"}],"about":[{"href":"https:\/\/notinor.com\/jujuy\/wp-json\/wp\/v2\/types\/post"}],"author":[{"embeddable":true,"href":"https:\/\/notinor.com\/jujuy\/wp-json\/wp\/v2\/users\/37"}],"replies":[{"embeddable":true,"href":"https:\/\/notinor.com\/jujuy\/wp-json\/wp\/v2\/comments?post=256326"}],"version-history":[{"count":1,"href":"https:\/\/notinor.com\/jujuy\/wp-json\/wp\/v2\/posts\/256326\/revisions"}],"predecessor-version":[{"id":256328,"href":"https:\/\/notinor.com\/jujuy\/wp-json\/wp\/v2\/posts\/256326\/revisions\/256328"}],"wp:featuredmedia":[{"embeddable":true,"href":"https:\/\/notinor.com\/jujuy\/wp-json\/wp\/v2\/media\/256327"}],"wp:attachment":[{"href":"https:\/\/notinor.com\/jujuy\/wp-json\/wp\/v2\/media?parent=256326"}],"wp:term":[{"taxonomy":"category","embeddable":true,"href":"https:\/\/notinor.com\/jujuy\/wp-json\/wp\/v2\/categories?post=256326"},{"taxonomy":"post_tag","embeddable":true,"href":"https:\/\/notinor.com\/jujuy\/wp-json\/wp\/v2\/tags?post=256326"}],"curies":[{"name":"wp","href":"https:\/\/api.w.org\/{rel}","templated":true}]}}