{"id":256289,"date":"2020-07-30T21:46:03","date_gmt":"2020-07-31T00:46:03","guid":{"rendered":"https:\/\/notinor.com\/jujuy\/?p=256289"},"modified":"2020-07-31T09:40:19","modified_gmt":"2020-07-31T12:40:19","slug":"los-sanatorios-privados-ya-atienden-covid-19","status":"publish","type":"post","link":"https:\/\/notinor.com\/jujuy\/los-sanatorios-privados-ya-atienden-covid-19\/","title":{"rendered":"Los sanatorios privados ya atienden COVID-19"},"content":{"rendered":"\n<p>A partir de ayer las empresas privadas de salud comenzaron a atender casos de coronavirus, as\u00ed lo afirm\u00f3 el ministro de Salud, Gustavo Bouhid.<\/p>\n\n\n\n<figure class=\"wp-block-image size-large\"><img decoding=\"async\" loading=\"lazy\" width=\"640\" height=\"480\" src=\"https:\/\/notinor.com\/jujuy\/wp-content\/uploads\/2020\/07\/lapachos-1-640x480.jpg\" alt=\"\" class=\"wp-image-256291\" srcset=\"https:\/\/notinor.com\/jujuy\/wp-content\/uploads\/2020\/07\/lapachos-1-640x480.jpg 640w, https:\/\/notinor.com\/jujuy\/wp-content\/uploads\/2020\/07\/lapachos-1-487x365.jpg 487w, https:\/\/notinor.com\/jujuy\/wp-content\/uploads\/2020\/07\/lapachos-1-768x576.jpg 768w, https:\/\/notinor.com\/jujuy\/wp-content\/uploads\/2020\/07\/lapachos-1-750x563.jpg 750w, https:\/\/notinor.com\/jujuy\/wp-content\/uploads\/2020\/07\/lapachos-1-1140x855.jpg 1140w, https:\/\/notinor.com\/jujuy\/wp-content\/uploads\/2020\/07\/lapachos-1.jpg 1280w\" sizes=\"(max-width: 640px) 100vw, 640px\" \/><\/figure>\n\n\n\n<p>El coronavirus contin\u00faa avanzando en la provincia, en el d\u00eda de ayer se registraron 170 nuevos casos y la provincia ya super\u00f3 el umbral de los dos mil contagios. Ante la posibilidad de colapsar el sistema de salud p\u00fablico, las empresas privadas comenzaron a prestar sus servicios para atender a los infectados.<\/p>\n\n\n\n<p>En ese contexto, Gustavo Bouhid afirm\u00f3 que en San Pedro, Libertador General San Mart\u00edn, Perico y en tres cl\u00ednicas de San Salvador de Jujuy ya se encuentran trabajando a la par de los hospitales p\u00fablicos. <strong>De este modo se consiguieron cien nuevas camas para pacientes COVID.<\/strong><\/p>\n\n\n\n<p>Adem\u00e1s, si los pacientes cuentan con cobertura m\u00e9dica y son asintom\u00e1ticos o sintom\u00e1ticos leves, ser\u00e1n derivados a las empresas privadas de atenci\u00f3n domiciliaria, de manera que el sistema p\u00fablico de salud pueda tener apoyo log\u00edstico.<\/p>\n","protected":false},"excerpt":{"rendered":"<p>A partir de ayer las empresas privadas de salud comenzaron a atender casos de coronavirus, as\u00ed lo afirm\u00f3 el ministro de Salud, Gustavo Bouhid. El coronavirus contin\u00faa avanzando en la provincia, en el d\u00eda de ayer se registraron 170 nuevos casos y la provincia ya super\u00f3 el umbral de los dos mil contagios. Ante la [&hellip;]<\/p>\n","protected":false},"author":1,"featured_media":256291,"comment_status":"open","ping_status":"open","sticky":false,"template":"","format":"standard","meta":{"_stopmodifiedupdate":false,"_modified_date":"","inline_featured_image":false,"spay_email":"","jetpack_publicize_message":""},"categories":[2],"tags":[],"jetpack_featured_media_url":"https:\/\/notinor.com\/jujuy\/wp-content\/uploads\/2020\/07\/lapachos-1.jpg","jetpack_publicize_connections":[],"_links":{"self":[{"href":"https:\/\/notinor.com\/jujuy\/wp-json\/wp\/v2\/posts\/256289"}],"collection":[{"href":"https:\/\/notinor.com\/jujuy\/wp-json\/wp\/v2\/posts"}],"about":[{"href":"https:\/\/notinor.com\/jujuy\/wp-json\/wp\/v2\/types\/post"}],"author":[{"embeddable":true,"href":"https:\/\/notinor.com\/jujuy\/wp-json\/wp\/v2\/users\/1"}],"replies":[{"embeddable":true,"href":"https:\/\/notinor.com\/jujuy\/wp-json\/wp\/v2\/comments?post=256289"}],"version-history":[{"count":2,"href":"https:\/\/notinor.com\/jujuy\/wp-json\/wp\/v2\/posts\/256289\/revisions"}],"predecessor-version":[{"id":256358,"href":"https:\/\/notinor.com\/jujuy\/wp-json\/wp\/v2\/posts\/256289\/revisions\/256358"}],"wp:featuredmedia":[{"embeddable":true,"href":"https:\/\/notinor.com\/jujuy\/wp-json\/wp\/v2\/media\/256291"}],"wp:attachment":[{"href":"https:\/\/notinor.com\/jujuy\/wp-json\/wp\/v2\/media?parent=256289"}],"wp:term":[{"taxonomy":"category","embeddable":true,"href":"https:\/\/notinor.com\/jujuy\/wp-json\/wp\/v2\/categories?post=256289"},{"taxonomy":"post_tag","embeddable":true,"href":"https:\/\/notinor.com\/jujuy\/wp-json\/wp\/v2\/tags?post=256289"}],"curies":[{"name":"wp","href":"https:\/\/api.w.org\/{rel}","templated":true}]}}