{"id":256287,"date":"2020-07-30T22:15:32","date_gmt":"2020-07-31T01:15:32","guid":{"rendered":"https:\/\/notinor.com\/jujuy\/?p=256287"},"modified":"2020-07-31T10:12:13","modified_gmt":"2020-07-31T13:12:13","slug":"desde-el-lunes-funcionara-el-nuevo-laboratorio-para-muestras-de-covid-19","status":"publish","type":"post","link":"https:\/\/notinor.com\/jujuy\/desde-el-lunes-funcionara-el-nuevo-laboratorio-para-muestras-de-covid-19\/","title":{"rendered":"Desde el lunes funcionar\u00e1 el nuevo laboratorio para muestras de COVID-19"},"content":{"rendered":"\n<p>La provincia ya recibi\u00f3 el aval del Instituto Malbr\u00e1n para el funcionamiento del nuevo laboratorio, as\u00ed lo anunci\u00f3 el gobernador Gerardo Morales en el informe del COE.<\/p>\n\n\n\n<figure class=\"wp-block-image size-large\"><img decoding=\"async\" loading=\"lazy\" width=\"840\" height=\"473\" src=\"https:\/\/notinor.com\/jujuy\/wp-content\/uploads\/2020\/07\/COE-completo-4-840x473.jpeg\" alt=\"\" class=\"wp-image-256288\" srcset=\"https:\/\/notinor.com\/jujuy\/wp-content\/uploads\/2020\/07\/COE-completo-4-840x473.jpeg 840w, https:\/\/notinor.com\/jujuy\/wp-content\/uploads\/2020\/07\/COE-completo-4-649x365.jpeg 649w, https:\/\/notinor.com\/jujuy\/wp-content\/uploads\/2020\/07\/COE-completo-4-768x432.jpeg 768w, https:\/\/notinor.com\/jujuy\/wp-content\/uploads\/2020\/07\/COE-completo-4-750x422.jpeg 750w, https:\/\/notinor.com\/jujuy\/wp-content\/uploads\/2020\/07\/COE-completo-4-1140x641.jpeg 1140w, https:\/\/notinor.com\/jujuy\/wp-content\/uploads\/2020\/07\/COE-completo-4.jpeg 1200w\" sizes=\"(max-width: 840px) 100vw, 840px\" \/><\/figure>\n\n\n\n<p>El coronavirus contin\u00faa avanzando en la provincia, con m\u00e1s de dos mil contagios tambi\u00e9n crece la cantidad de personas que deben ser testeadas ante posibles casos.<\/p>\n\n\n\n<p>En ese contexto, aumenta la demanda de personas sintom\u00e1ticas que necesitan un test, por ese motivo se comenz\u00f3 hace unas semanas con los trabajos para instalar el segundo laboratorio provincial que pueda examinar muestras de test para coronavirus. Finalmente, el Gobernador anunci\u00f3 que desde el lunes comenzar\u00e1 a operar este nuevo centro.<\/p>\n\n\n\n<p>El laboratorio nuevo ya recibi\u00f3 la aprobaci\u00f3n del Instituto Malbr\u00e1n y permitir\u00e1 que se analicen una mayor cantidad de muestras en Jujuy. Actualmente se analizan alrededor de 400 muestras PCR; <strong>el nuevo centro ampliar\u00e1 ese margen con 300 nuevos an\u00e1lisis diarios<\/strong>, alcanzando los 700 muestreos por d\u00eda.<\/p>\n\n\n\n<figure class=\"wp-block-image size-large\"><img decoding=\"async\" loading=\"lazy\" width=\"840\" height=\"393\" src=\"https:\/\/notinor.com\/jujuy\/wp-content\/uploads\/2020\/07\/muestra-COVID-840x393.jpg\" alt=\"\" class=\"wp-image-256297\" srcset=\"https:\/\/notinor.com\/jujuy\/wp-content\/uploads\/2020\/07\/muestra-COVID-840x393.jpg 840w, https:\/\/notinor.com\/jujuy\/wp-content\/uploads\/2020\/07\/muestra-COVID-660x308.jpg 660w, https:\/\/notinor.com\/jujuy\/wp-content\/uploads\/2020\/07\/muestra-COVID-768x359.jpg 768w, https:\/\/notinor.com\/jujuy\/wp-content\/uploads\/2020\/07\/muestra-COVID-750x350.jpg 750w, https:\/\/notinor.com\/jujuy\/wp-content\/uploads\/2020\/07\/muestra-COVID-1140x533.jpg 1140w, https:\/\/notinor.com\/jujuy\/wp-content\/uploads\/2020\/07\/muestra-COVID.jpg 1498w\" sizes=\"(max-width: 840px) 100vw, 840px\" \/><\/figure>\n","protected":false},"excerpt":{"rendered":"<p>La provincia ya recibi\u00f3 el aval del Instituto Malbr\u00e1n para el funcionamiento del nuevo laboratorio, as\u00ed lo anunci\u00f3 el gobernador Gerardo Morales en el informe del COE. El coronavirus contin\u00faa avanzando en la provincia, con m\u00e1s de dos mil contagios tambi\u00e9n crece la cantidad de personas que deben ser testeadas ante posibles casos. En ese [&hellip;]<\/p>\n","protected":false},"author":1,"featured_media":256297,"comment_status":"open","ping_status":"open","sticky":false,"template":"","format":"standard","meta":{"_stopmodifiedupdate":false,"_modified_date":"","inline_featured_image":false,"spay_email":"","jetpack_publicize_message":""},"categories":[2],"tags":[],"jetpack_featured_media_url":"https:\/\/notinor.com\/jujuy\/wp-content\/uploads\/2020\/07\/muestra-COVID.jpg","jetpack_publicize_connections":[],"_links":{"self":[{"href":"https:\/\/notinor.com\/jujuy\/wp-json\/wp\/v2\/posts\/256287"}],"collection":[{"href":"https:\/\/notinor.com\/jujuy\/wp-json\/wp\/v2\/posts"}],"about":[{"href":"https:\/\/notinor.com\/jujuy\/wp-json\/wp\/v2\/types\/post"}],"author":[{"embeddable":true,"href":"https:\/\/notinor.com\/jujuy\/wp-json\/wp\/v2\/users\/1"}],"replies":[{"embeddable":true,"href":"https:\/\/notinor.com\/jujuy\/wp-json\/wp\/v2\/comments?post=256287"}],"version-history":[{"count":2,"href":"https:\/\/notinor.com\/jujuy\/wp-json\/wp\/v2\/posts\/256287\/revisions"}],"predecessor-version":[{"id":256382,"href":"https:\/\/notinor.com\/jujuy\/wp-json\/wp\/v2\/posts\/256287\/revisions\/256382"}],"wp:featuredmedia":[{"embeddable":true,"href":"https:\/\/notinor.com\/jujuy\/wp-json\/wp\/v2\/media\/256297"}],"wp:attachment":[{"href":"https:\/\/notinor.com\/jujuy\/wp-json\/wp\/v2\/media?parent=256287"}],"wp:term":[{"taxonomy":"category","embeddable":true,"href":"https:\/\/notinor.com\/jujuy\/wp-json\/wp\/v2\/categories?post=256287"},{"taxonomy":"post_tag","embeddable":true,"href":"https:\/\/notinor.com\/jujuy\/wp-json\/wp\/v2\/tags?post=256287"}],"curies":[{"name":"wp","href":"https:\/\/api.w.org\/{rel}","templated":true}]}}