{"id":256282,"date":"2020-07-30T21:01:53","date_gmt":"2020-07-31T00:01:53","guid":{"rendered":"https:\/\/notinor.com\/jujuy\/?p=256282"},"modified":"2022-04-29T17:33:58","modified_gmt":"2022-04-29T20:33:58","slug":"trucos-maestros-para-que-tu-cabello-corto-se-vea-mas-largo","status":"publish","type":"post","link":"https:\/\/notinor.com\/jujuy\/trucos-maestros-para-que-tu-cabello-corto-se-vea-mas-largo\/","title":{"rendered":"Trucos maestros para que tu cabello corto se vea m\u00e1s largo"},"content":{"rendered":"\n<p>\u00bfTu melena est\u00e1 en proceso de crecimiento? Intenta estos trucos para esas veces que deseas que tu cabello corto se vea mucho m\u00e1s largo \u00a1sin esfuerzo!<\/p>\n\n\n\n<p>Hacer que tu\u00a0cabello largo\u00a0se vea m\u00e1s corto es posible, pues existen miles de formas de hacer un corte de pelo falso.<\/p>\n\n\n\n<p> Sin embargo, crear el efecto contrario es un poco m\u00e1s dif\u00edcil, ya que no tenemos la longitud suficiente para jugar con las dimensiones. \u00bfHay soluci\u00f3n? \u00a1S\u00ed! Existen ciertos detalles que pueden\u00a0alargar la melena\u00a0a la vista con accesorios, peinados y m\u00e1s, y a continuaci\u00f3n te mostramos esos\u00a0trucos.<\/p>\n\n\n\n<figure class=\"wp-block-image size-large\"><img decoding=\"async\" loading=\"lazy\" width=\"333\" height=\"480\" src=\"https:\/\/notinor.com\/jujuy\/wp-content\/uploads\/2020\/07\/232854-333x480.jpg\" alt=\"\" class=\"wp-image-256285\" srcset=\"https:\/\/notinor.com\/jujuy\/wp-content\/uploads\/2020\/07\/232854-333x480.jpg 333w, https:\/\/notinor.com\/jujuy\/wp-content\/uploads\/2020\/07\/232854-253x365.jpg 253w, https:\/\/notinor.com\/jujuy\/wp-content\/uploads\/2020\/07\/232854.jpg 620w\" sizes=\"(max-width: 333px) 100vw, 333px\" \/><\/figure>\n\n\n\n<p><div>\u00a1Ver\u00e1s que ser\u00e1n tus mejores aliados si tu cabellera est\u00e1 en proceso de crecimiento!<\/div><\/p>\n\n\n\n<p>TRUCOS PARA QUE EL CABELLO CORTO SE VEA M\u00c1S LARGO<\/p>\n\n\n\n<figure class=\"wp-block-image size-large\"><img decoding=\"async\" loading=\"lazy\" width=\"840\" height=\"441\" src=\"https:\/\/notinor.com\/jujuy\/wp-content\/uploads\/2020\/07\/232804-840x441.jpg\" alt=\"\" class=\"wp-image-256284\" srcset=\"https:\/\/notinor.com\/jujuy\/wp-content\/uploads\/2020\/07\/232804-840x441.jpg 840w, https:\/\/notinor.com\/jujuy\/wp-content\/uploads\/2020\/07\/232804-660x346.jpg 660w, https:\/\/notinor.com\/jujuy\/wp-content\/uploads\/2020\/07\/232804-768x403.jpg 768w, https:\/\/notinor.com\/jujuy\/wp-content\/uploads\/2020\/07\/232804-750x394.jpg 750w, https:\/\/notinor.com\/jujuy\/wp-content\/uploads\/2020\/07\/232804-1140x598.jpg 1140w, https:\/\/notinor.com\/jujuy\/wp-content\/uploads\/2020\/07\/232804.jpg 1170w\" sizes=\"(max-width: 840px) 100vw, 840px\" \/><\/figure>\n\n\n\n<p>1. Peinados con mascadaYa sea que peines una cola de caballo o una trenza baja,\u00a0las mascadas pueden ser ese accesorio clave que transforme tu cabello corto\u00a0en uno m\u00e1s largo. Todo lo que debes hacer es peinar como de costumbre y dejar que la mascada sobrepase las puntas del pelo. As\u00ed, parecer\u00e1 que tu melena es m\u00e1s prolongada.<\/p>\n\n\n\n<p>2. El truco de la\u00a0ponytailSeguramente ya lo has visto antes, pero a\u00fan as\u00ed nosotras te lo explicamos: Divide el\u00a0cabello\u00a0en tres partes, de la cabeza a la nuca (la porci\u00f3n m\u00e1s baja debe ser un mech\u00f3n delgado) y sujeta cada una con una liga. Ojo, antes de sostener el \u00e1rea m\u00e1s alta, agrega un poco de volumen en las ra\u00edces. Cuando tengas las tres colitas, quita el el\u00e1stico de la que est\u00e1 m\u00e1s abajo y usa esa parte del pelo para sujetar las dos que est\u00e1n arriba y lograr una sola\u00a0ponytail.\u00a0\u00a1El resultado\u00a0alargado\u00a0te sorprender\u00e1!<\/p>\n\n\n\n<p>3. Dile s\u00ed al corte asim\u00e9trico<div>Si tienes la melena al tama\u00f1o de un lob o un de midi, puedes pedirle a tu estilista que te haga un\u00a0corte asim\u00e9trico,\u00a0en el que uno de los lados frontales del pelo se vea m\u00e1s largo que el otro. Aunque estar\u00e1s cortando unos cent\u00edmetros, los \u00e1ngulos diagonales y abiertos dar\u00e1n una impresi\u00f3n de que tienes\u00a0el cabello un poco m\u00e1s largo<\/div><\/p>\n\n\n\n<p>4. \u00a1Plancha el pelo!La soluci\u00f3n m\u00e1s sencilla para que tu melena se vea m\u00e1s larga a la vista, es planchar el\u00a0cabello\u00a0a la perfecci\u00f3n, sobretodo si eres ondulada o rizada. Te recomendamos intentar antes alguna de las otras opciones, puesto que las herramientas de calor debilitan el pelo y pueden retrasar el crecimiento que est\u00e1s esperando.<\/p>\n\n\n\n<p>5. Recurre a las extensiones<div>Es posible que los trucos anteriores te funcionen para el d\u00eda a d\u00eda, pero si est\u00e1s buscando que el\u00a0largo\u00a0se vea mucho m\u00e1s prominente en un evento, lo tuyo es darle una oportunidad a las extensiones. Nosotras te recomendamos que te las apliquen en el sal\u00f3n para que queden\u00a0on point\u00a0y maltraten lo menos posible tu\u00a0cabello,\u00a0aunque tambi\u00e9n las puedes aplicar t\u00fa, siempre gui\u00e1ndote por el color de tu melena y el largo que deseas<\/div><\/p>\n","protected":false},"excerpt":{"rendered":"<p>\u00bfTu melena est\u00e1 en proceso de crecimiento? Intenta estos trucos para esas veces que deseas que tu cabello corto se vea mucho m\u00e1s largo \u00a1sin esfuerzo! Hacer que tu\u00a0cabello largo\u00a0se vea m\u00e1s corto es posible, pues existen miles de formas de hacer un corte de pelo falso. Sin embargo, crear el efecto contrario es un [&hellip;]<\/p>\n","protected":false},"author":1,"featured_media":256284,"comment_status":"open","ping_status":"open","sticky":false,"template":"","format":"standard","meta":{"_stopmodifiedupdate":false,"_modified_date":"","inline_featured_image":false,"spay_email":"","jetpack_publicize_message":""},"categories":[2],"tags":[],"jetpack_featured_media_url":"https:\/\/notinor.com\/jujuy\/wp-content\/uploads\/2020\/07\/232804.jpg","jetpack_publicize_connections":[],"_links":{"self":[{"href":"https:\/\/notinor.com\/jujuy\/wp-json\/wp\/v2\/posts\/256282"}],"collection":[{"href":"https:\/\/notinor.com\/jujuy\/wp-json\/wp\/v2\/posts"}],"about":[{"href":"https:\/\/notinor.com\/jujuy\/wp-json\/wp\/v2\/types\/post"}],"author":[{"embeddable":true,"href":"https:\/\/notinor.com\/jujuy\/wp-json\/wp\/v2\/users\/1"}],"replies":[{"embeddable":true,"href":"https:\/\/notinor.com\/jujuy\/wp-json\/wp\/v2\/comments?post=256282"}],"version-history":[{"count":1,"href":"https:\/\/notinor.com\/jujuy\/wp-json\/wp\/v2\/posts\/256282\/revisions"}],"predecessor-version":[{"id":256286,"href":"https:\/\/notinor.com\/jujuy\/wp-json\/wp\/v2\/posts\/256282\/revisions\/256286"}],"wp:featuredmedia":[{"embeddable":true,"href":"https:\/\/notinor.com\/jujuy\/wp-json\/wp\/v2\/media\/256284"}],"wp:attachment":[{"href":"https:\/\/notinor.com\/jujuy\/wp-json\/wp\/v2\/media?parent=256282"}],"wp:term":[{"taxonomy":"category","embeddable":true,"href":"https:\/\/notinor.com\/jujuy\/wp-json\/wp\/v2\/categories?post=256282"},{"taxonomy":"post_tag","embeddable":true,"href":"https:\/\/notinor.com\/jujuy\/wp-json\/wp\/v2\/tags?post=256282"}],"curies":[{"name":"wp","href":"https:\/\/api.w.org\/{rel}","templated":true}]}}