{"id":256277,"date":"2020-07-30T20:54:06","date_gmt":"2020-07-30T23:54:06","guid":{"rendered":"https:\/\/notinor.com\/jujuy\/?p=256277"},"modified":"2020-07-30T20:58:48","modified_gmt":"2020-07-30T23:58:48","slug":"en-24-horas-la-provincia-registro-170-casos-positivos-de-covid-19","status":"publish","type":"post","link":"https:\/\/notinor.com\/jujuy\/en-24-horas-la-provincia-registro-170-casos-positivos-de-covid-19\/","title":{"rendered":"En 24 horas la provincia registr\u00f3 170 casos positivos de COVID-19 y un fallecimiento"},"content":{"rendered":"\n<p>El total de infectados en la provincia, desde el inicio de la pandemia, es de 2157.<\/p>\n\n\n\n<figure class=\"wp-block-image size-large\"><img decoding=\"async\" loading=\"lazy\" width=\"723\" height=\"480\" src=\"https:\/\/notinor.com\/jujuy\/wp-content\/uploads\/2020\/07\/test-723x480.jpg\" alt=\"\" class=\"wp-image-256278\" srcset=\"https:\/\/notinor.com\/jujuy\/wp-content\/uploads\/2020\/07\/test-723x480.jpg 723w, https:\/\/notinor.com\/jujuy\/wp-content\/uploads\/2020\/07\/test-550x365.jpg 550w, https:\/\/notinor.com\/jujuy\/wp-content\/uploads\/2020\/07\/test-768x510.jpg 768w, https:\/\/notinor.com\/jujuy\/wp-content\/uploads\/2020\/07\/test-750x498.jpg 750w, https:\/\/notinor.com\/jujuy\/wp-content\/uploads\/2020\/07\/test.jpg 1024w\" sizes=\"(max-width: 723px) 100vw, 723px\" \/><\/figure>\n\n\n\n<p>El Comit\u00e9 Operativo de Emergencia inform\u00f3 que en 24 horas Jujuy registr\u00f3 170 muestras PCR positivas para coronavirus.<\/p>\n\n\n\n<h2>El total de casos en la provincia asciende a 2157 desde el inicio de la pandemia <\/h2>\n\n\n\n<p>Las localidades donde se detectaron m\u00e1s contagios este jueves son Fraile Pintado, San Pedro, San Salvador y Libertador General San Mart\u00edn. <\/p>\n\n\n\n<p>Adem\u00e1s, el COE resalt\u00f3 que hasta el momento se recuperaron 520 personas, ya que hoy recibieron el alta 34 pacientes.<\/p>\n\n\n\n<p>Mientras que la cantidad de fallecidos suman 54, con el anuncio de la muerte de un hombre de Libertador.<\/p>\n\n\n\n<div class=\"wp-block-image\"><figure class=\"aligncenter size-large\"><img decoding=\"async\" loading=\"lazy\" width=\"269\" height=\"480\" src=\"https:\/\/notinor.com\/jujuy\/wp-content\/uploads\/2020\/07\/FB_IMG_1596152599076-269x480.jpg\" alt=\"\" class=\"wp-image-256279\" srcset=\"https:\/\/notinor.com\/jujuy\/wp-content\/uploads\/2020\/07\/FB_IMG_1596152599076-269x480.jpg 269w, https:\/\/notinor.com\/jujuy\/wp-content\/uploads\/2020\/07\/FB_IMG_1596152599076-205x365.jpg 205w, https:\/\/notinor.com\/jujuy\/wp-content\/uploads\/2020\/07\/FB_IMG_1596152599076.jpg 718w\" sizes=\"(max-width: 269px) 100vw, 269px\" \/><\/figure><\/div>\n","protected":false},"excerpt":{"rendered":"<p>El total de infectados en la provincia, desde el inicio de la pandemia, es de 2157. El Comit\u00e9 Operativo de Emergencia inform\u00f3 que en 24 horas Jujuy registr\u00f3 170 muestras PCR positivas para coronavirus. El total de casos en la provincia asciende a 2157 desde el inicio de la pandemia Las localidades donde se detectaron [&hellip;]<\/p>\n","protected":false},"author":37,"featured_media":256278,"comment_status":"open","ping_status":"open","sticky":false,"template":"","format":"standard","meta":{"_stopmodifiedupdate":false,"_modified_date":"","inline_featured_image":false,"spay_email":"","jetpack_publicize_message":""},"categories":[2],"tags":[],"jetpack_featured_media_url":"https:\/\/notinor.com\/jujuy\/wp-content\/uploads\/2020\/07\/test.jpg","jetpack_publicize_connections":[],"_links":{"self":[{"href":"https:\/\/notinor.com\/jujuy\/wp-json\/wp\/v2\/posts\/256277"}],"collection":[{"href":"https:\/\/notinor.com\/jujuy\/wp-json\/wp\/v2\/posts"}],"about":[{"href":"https:\/\/notinor.com\/jujuy\/wp-json\/wp\/v2\/types\/post"}],"author":[{"embeddable":true,"href":"https:\/\/notinor.com\/jujuy\/wp-json\/wp\/v2\/users\/37"}],"replies":[{"embeddable":true,"href":"https:\/\/notinor.com\/jujuy\/wp-json\/wp\/v2\/comments?post=256277"}],"version-history":[{"count":2,"href":"https:\/\/notinor.com\/jujuy\/wp-json\/wp\/v2\/posts\/256277\/revisions"}],"predecessor-version":[{"id":256283,"href":"https:\/\/notinor.com\/jujuy\/wp-json\/wp\/v2\/posts\/256277\/revisions\/256283"}],"wp:featuredmedia":[{"embeddable":true,"href":"https:\/\/notinor.com\/jujuy\/wp-json\/wp\/v2\/media\/256278"}],"wp:attachment":[{"href":"https:\/\/notinor.com\/jujuy\/wp-json\/wp\/v2\/media?parent=256277"}],"wp:term":[{"taxonomy":"category","embeddable":true,"href":"https:\/\/notinor.com\/jujuy\/wp-json\/wp\/v2\/categories?post=256277"},{"taxonomy":"post_tag","embeddable":true,"href":"https:\/\/notinor.com\/jujuy\/wp-json\/wp\/v2\/tags?post=256277"}],"curies":[{"name":"wp","href":"https:\/\/api.w.org\/{rel}","templated":true}]}}